{"id":1452,"date":"2021-06-24T20:22:16","date_gmt":"2021-06-24T23:22:16","guid":{"rendered":"http:\/\/focotocantinense.com.br\/?p=1452"},"modified":"2021-06-24T20:23:03","modified_gmt":"2021-06-24T23:23:03","slug":"quatro-contas-de-ordenadores-sao-julgadas-irregulares-e-oito-aprovadas-com-ressalvas","status":"publish","type":"post","link":"https:\/\/focotocantinense.com.br\/?p=1452","title":{"rendered":"Quatro contas de ordenadores s\u00e3o julgadas irregulares e oito aprovadas com ressalvas"},"content":{"rendered":"\n<p>Foram julgadas irregulares pela Primeira e Segunda C\u00e2maras do Tribunal de Contas do Tocantins (TCE\/TO, as contas da&nbsp;Secretaria Municipal de&nbsp;Educa\u00e7\u00e3o, Esporte, Cultura e Lazer de Aragua\u00edna,&nbsp;do ent\u00e3o gestor Jorcirley de Oliveira, referentes ao exerc\u00edcio financeiro de 2018. Na an\u00e1lise da presta\u00e7\u00e3o de contas apresentada ao TCE, foi identificada despesa de exerc\u00edcios anteriores no valor de R$ 9.516.862,58.<\/p>\n\n\n\n<p>De acordo com a decis\u00e3o, o valor \u201cconstitui compromissos que deixaram de ser reconhecidos na execu\u00e7\u00e3o or\u00e7ament\u00e1ria do exerc\u00edcio em que foram contra\u00eddos, dando causa a distor\u00e7\u00e3o dos resultados or\u00e7ament\u00e1rio, financeiro, patrimonial e podendo, por consequ\u00eancia, alterar os indicadores&nbsp;fiscais\u201d, em descumprimento o que determina a lei n\u00ba 4.320\/64.<\/p>\n\n\n\n<p>Outra irregularidade constatada pelo TCE\/TO \u00e9 o registro cont\u00e1bil da contribui\u00e7\u00e3o patronal vinculado ao Regime Pr\u00f3prio de Previd\u00eancia, que atingiu 0,01%, inferior ao percentual m\u00ednimo de&nbsp;15,49%&nbsp;exigido. Foi aplicada multa, a Jorcirley de Oliveira, no valor de R$ 5 mil.<\/p>\n\n\n\n<p>Outra presta\u00e7\u00e3o de contas julgada irregular pela Corte, \u00e9 a apresentada pela Secretaria Municipal da Fazenda, tamb\u00e9m de&nbsp;Aragua\u00edna, sob gest\u00e3o de Fabiano Francisco de Souza, relativa&nbsp;ao exerc\u00edcio financeiro de 2018. De acordo com a an\u00e1lise, foi identificado registro cont\u00e1bil da contribui\u00e7\u00e3o patronal or\u00e7ament\u00e1rio, financeiro e patrimonial, vinculado ao Regime Pr\u00f3prio de Previd\u00eancia de 0,33%&nbsp;inferior ao percentual obrigat\u00f3rio, que \u00e9 de 15,49%. Ao ex-gestor foi aplicada multa no valor de R$ 2 mil.<\/p>\n\n\n\n<p>Tamb\u00e9m est\u00e3o irregulares, as contas do Fundo Municipal de Educa\u00e7\u00e3o de Juarina, referentes ao exerc\u00edcio de 2019, apresentadas por Marilda Martins Dias Pereira, gestora no per\u00edodo de 21\/01\/2019 a 13\/06\/2019, Edivaldo Vieira da Silva, gestor 14\/06\/2019 a 31\/10\/2019 e de Zilma Martins Sobrinho, gestora no per\u00edodo de 01\/11\/2019 a 31\/12\/2019. Aos dois primeiros, foi aplicada multa individual no valor de R$ 1 mil e \u00e0 ex-gestora Zilma, multa de R$ 2 mil.<\/p>\n\n\n\n<p>Nas duas primeiras gest\u00f5es citadas, foi identificado, no registro cont\u00e1bil da contribui\u00e7\u00e3o patronal, o \u00edndice de 15,22%, o que \u00e9 irregular, pois o m\u00ednimo definido pelo artigo 22 da Lei 8.212\/91, \u00e9 de 20%. A mesma irregularidade foi detectada tamb\u00e9m na presta\u00e7\u00e3o de contas de Zilma Martins Sobrinho, somada a infra\u00e7\u00f5es de d\u00e9ficit financeiro relacionado \u00e0s a\u00e7\u00f5es de Manuten\u00e7\u00e3o e Desenvolvimento do Ensino (MDE).<\/p>\n\n\n\n<p>A C\u00e2mara Municipal de Paran\u00e3 tamb\u00e9m teve as contas julgadas irregulares. A presta\u00e7\u00e3o de contas do exerc\u00edcio financeiro de 2018, cujo respons\u00e1vel \u00e9 o ex-gestor Ozeias Pinto Cirqueira, apresentou irregularidades que constam no Relat\u00f3rio de An\u00e1lise, como o recebimento de subs\u00eddio no valor de R$ 102.150,00, sendo&nbsp;R$ 10.989,90&nbsp;acima do limite m\u00e1ximo estabelecido pela Constitui\u00e7\u00e3o Federal, que, pela decis\u00e3o, ter\u00e3o que ser devolvidos aos cofres p\u00fablicos pelo ex-gestor. Al\u00e9m disso, Ozeias foi multado pelo TCE\/TO em 20% desse valor. &nbsp;<\/p>\n\n\n\n<p><strong>Contas regulares com ressalvas<\/strong><\/p>\n\n\n\n<p>Foram publicadas tamb\u00e9m no Boletim Oficial do Tribunal, as decis\u00f5es que julgaram regulares com ressalvas oito contas de ordenadores de despesas, sobre o exerc\u00edcio financeiro de 2018.<\/p>\n\n\n\n<p>As contas s\u00e3o, a da&nbsp;Ag\u00eancia de \u00c1guas e Saneamento de Oliveira de F\u00e1tima, sob gest\u00e3o de Valdineia Lopes Vieira; da C\u00e2mara Municipal tamb\u00e9m de Oliveira de F\u00e1tima, sob a responsabilidade de Marcio Jos\u00e9 da Silva; da Secretaria Municipal de Educa\u00e7\u00e3o de Santa Rita do Tocantins, gest\u00e3o de Wesley Lopes Fonseca; as&nbsp;da&nbsp;Secretaria Executiva de Gest\u00e3o da prefeitura Municipal de Palmeir\u00f3polis, sob a gest\u00e3o de Marilene Correia da Silva, tamb\u00e9m referente a 2018;<\/p>\n\n\n\n<p>As&nbsp;dos fundos municipais de Sa\u00fade e de Assist\u00eancia Social de S\u00e3o Salvador do Tocantins, gest\u00e3o de Junia Kelly Alvares Tavares e de Amanda Alves Camos, gestoras \u00e0 \u00e9poca, respectivamente e as contas do Fundo Municipal&nbsp;de Assist\u00eancia Social de Peixe, sob a gest\u00e3o de Almirani Dias Batista.<\/p>\n\n\n\n<p>A presta\u00e7\u00e3o de contas do Fundo Municipal de&nbsp;Sa\u00fade de Alian\u00e7a do Tocantins, gest\u00e3o de Lazaro Antonio Alves de Holanda, pelo per\u00edodo de 02\/12\/2019 at\u00e9 31\/12\/2019, e gest\u00e3o de Liliane de Abreu Pinto Barbosa, entre 01\/01\/2019 a 01\/12\/2019, tamb\u00e9m foram julgadas regulares com ressalvas.<\/p>\n\n\n\n<p><\/p>\n\n\n\n<figure class=\"wp-block-image\"><img decoding=\"async\" src=\"https:\/\/www.n1to.com.br\/img\/cache\/800x400\/80\/crop\/Imagem-f932c8e5c9f193fd6cd5c7f82e08361b.jpg\" alt=\"\"\/><\/figure>\n","protected":false},"excerpt":{"rendered":"<p>Foram julgadas irregulares pela Primeira e Segunda C\u00e2maras do Tribunal de Contas do Tocantins (TCE\/TO, as contas da&nbsp;Secretaria Municipal de&nbsp;Educa\u00e7\u00e3o, Esporte, Cultura e Lazer de Aragua\u00edna,&nbsp;do ent\u00e3o gestor Jorcirley de Oliveira, referentes ao exerc\u00edcio financeiro de 2018. Na an\u00e1lise da presta\u00e7\u00e3o de contas apresentada ao TCE, foi identificada despesa de exerc\u00edcios anteriores no valor de &hellip;<\/p>\n","protected":false},"author":5,"featured_media":1454,"comment_status":"open","ping_status":"open","sticky":false,"template":"","format":"standard","meta":{"footnotes":""},"categories":[1],"tags":[],"class_list":["post-1452","post","type-post","status-publish","format-standard","has-post-thumbnail","","category-sem-categoria"],"_links":{"self":[{"href":"https:\/\/focotocantinense.com.br\/index.php?rest_route=\/wp\/v2\/posts\/1452","targetHints":{"allow":["GET"]}}],"collection":[{"href":"https:\/\/focotocantinense.com.br\/index.php?rest_route=\/wp\/v2\/posts"}],"about":[{"href":"https:\/\/focotocantinense.com.br\/index.php?rest_route=\/wp\/v2\/types\/post"}],"author":[{"embeddable":true,"href":"https:\/\/focotocantinense.com.br\/index.php?rest_route=\/wp\/v2\/users\/5"}],"replies":[{"embeddable":true,"href":"https:\/\/focotocantinense.com.br\/index.php?rest_route=%2Fwp%2Fv2%2Fcomments&post=1452"}],"version-history":[{"count":2,"href":"https:\/\/focotocantinense.com.br\/index.php?rest_route=\/wp\/v2\/posts\/1452\/revisions"}],"predecessor-version":[{"id":1455,"href":"https:\/\/focotocantinense.com.br\/index.php?rest_route=\/wp\/v2\/posts\/1452\/revisions\/1455"}],"wp:featuredmedia":[{"embeddable":true,"href":"https:\/\/focotocantinense.com.br\/index.php?rest_route=\/wp\/v2\/media\/1454"}],"wp:attachment":[{"href":"https:\/\/focotocantinense.com.br\/index.php?rest_route=%2Fwp%2Fv2%2Fmedia&parent=1452"}],"wp:term":[{"taxonomy":"category","embeddable":true,"href":"https:\/\/focotocantinense.com.br\/index.php?rest_route=%2Fwp%2Fv2%2Fcategories&post=1452"},{"taxonomy":"post_tag","embeddable":true,"href":"https:\/\/focotocantinense.com.br\/index.php?rest_route=%2Fwp%2Fv2%2Ftags&post=1452"}],"curies":[{"name":"wp","href":"https:\/\/api.w.org\/{rel}","templated":true}]}}