{"id":1449,"date":"2021-06-24T20:19:29","date_gmt":"2021-06-24T23:19:29","guid":{"rendered":"http:\/\/focotocantinense.com.br\/?p=1449"},"modified":"2021-06-24T20:20:45","modified_gmt":"2021-06-24T23:20:45","slug":"parceria-entre-semus-uft-e-unitins-garante-ponto-extra-de-vacinacao-contra-a-covid-19","status":"publish","type":"post","link":"https:\/\/focotocantinense.com.br\/?p=1449","title":{"rendered":"Parceria entre Semus, UFT e Unitins garante ponto extra de vacina\u00e7\u00e3o contra a Covid-19"},"content":{"rendered":"\n<h6 class=\"wp-block-heading\"><br>Imuniza\u00e7\u00e3o de profissionais de ensino ligados a outras institui\u00e7\u00f5es acontece por agendamento, em 15 unidades de sa\u00fade da Capital, nesta quinta-feira, 24<\/h6>\n\n\n\n<p>Com a amplia\u00e7\u00e3o do p\u00fablico-alvo da vacina\u00e7\u00e3o contra a Covid-19&nbsp;para todos os profissionais de ensino residentes em Palmas, a Secretaria Municipal da Sa\u00fade (Semus) viabilizou, nesta quinta-feira, 24, um ponto de vacina\u00e7\u00e3o exclusivo para profissionais de ensino lotados nos c\u00e2mpus&nbsp;de Palmas da Universidade Federal do Tocantins (UFT) e Universidade Estadual do Tocantins (Unitins).<\/p>\n\n\n\n<p>Este ponto de vacina\u00e7\u00e3o montado no Centro Universit\u00e1rio Integrado de Ci\u00eancia, Cultura e Arte (Cuica), na UFT, atender\u00e1 at\u00e9 as 18 horas, exclusivamente profissionais de ensino dessas duas institui\u00e7\u00f5es de ensino superior. O atendimento acontece mediante apresenta\u00e7\u00e3o de documentos pessoais e comprovantes de lota\u00e7\u00e3o e resid\u00eancia.<\/p>\n\n\n\n<p>O coordenador do curso de Ci\u00eancias da Computa\u00e7\u00e3o da UFT, Eduardo Ribeiro, explica que a vacina veio em boa hora. &#8220;J\u00e1 est\u00e1vamos discutindo possibilidade de realizar atividades h\u00edbridas no curso, com aulas presenciais em laborat\u00f3rio. A oferta da vacina para os professores, com certeza, traz agora mais seguran\u00e7a&#8221;, afirmou.<\/p>\n\n\n\n<p>Segundo a Semus, a parceria visa desafogar os locais de atendimento de profissionais de ensino ligados a escolas e outras institui\u00e7\u00f5es de ensino da Capital. Estes devem agendar sua vacina pela internet e comparecer,&nbsp;<a href=\"http:\/\/www.palmas.to.gov.br\/portal\/noticias\/palmas-amplia-vacinacao-contra-covid-19-para-todos-os-profissionais-de-ensino\/28045\/\" target=\"_blank\" rel=\"noreferrer noopener\"><u>conforme chamamento divulgado na \u00faltima quarta-feira, 23, a uma das 15 unidades de sa\u00fade da Capital&nbsp;<\/u><\/a>com imuniza\u00e7\u00e3o contra Covid-19 em andamento.<\/p>\n\n\n\n<p>A coordenadora do curso de Enfermagem da UFT, Ana Edith Farias Lima, explica que a universidade j\u00e1 estava realizando tratativas para viabilizar a parceria para quando fosse poss\u00edvel realizar a imuniza\u00e7\u00e3o de trabalhadores da educa\u00e7\u00e3o. &#8220;Est\u00e1vamos aguardando, claro, mas n\u00e3o esper\u00e1vamos que pud\u00e9ssemos ser atendidos de forma t\u00e3o \u00e1gil&#8221;, disse. O reitor da Unitins, Augusto de Rezende, disse que considera a a\u00e7\u00e3o extremamente relevante. &#8220;Estamos muito felizes em ver o resultado dessa a\u00e7\u00e3o integrada. S\u00f3 temos a agradecer e parabenizar as equipes t\u00e9cnicas envolvidas neste trabalho log\u00edstico e de aplica\u00e7\u00e3o da vacina&#8221;, afirmou.<\/p>\n","protected":false},"excerpt":{"rendered":"<p>Imuniza\u00e7\u00e3o de profissionais de ensino ligados a outras institui\u00e7\u00f5es acontece por agendamento, em 15 unidades de sa\u00fade da Capital, nesta quinta-feira, 24 Com a amplia\u00e7\u00e3o do p\u00fablico-alvo da vacina\u00e7\u00e3o contra a Covid-19&nbsp;para todos os profissionais de ensino residentes em Palmas, a Secretaria Municipal da Sa\u00fade (Semus) viabilizou, nesta quinta-feira, 24, um ponto de vacina\u00e7\u00e3o exclusivo &hellip;<\/p>\n","protected":false},"author":5,"featured_media":1451,"comment_status":"open","ping_status":"open","sticky":true,"template":"","format":"standard","meta":{"footnotes":""},"categories":[1],"tags":[],"class_list":["post-1449","post","type-post","status-publish","format-standard","has-post-thumbnail","","category-sem-categoria"],"_links":{"self":[{"href":"https:\/\/focotocantinense.com.br\/index.php?rest_route=\/wp\/v2\/posts\/1449","targetHints":{"allow":["GET"]}}],"collection":[{"href":"https:\/\/focotocantinense.com.br\/index.php?rest_route=\/wp\/v2\/posts"}],"about":[{"href":"https:\/\/focotocantinense.com.br\/index.php?rest_route=\/wp\/v2\/types\/post"}],"author":[{"embeddable":true,"href":"https:\/\/focotocantinense.com.br\/index.php?rest_route=\/wp\/v2\/users\/5"}],"replies":[{"embeddable":true,"href":"https:\/\/focotocantinense.com.br\/index.php?rest_route=%2Fwp%2Fv2%2Fcomments&post=1449"}],"version-history":[{"count":1,"href":"https:\/\/focotocantinense.com.br\/index.php?rest_route=\/wp\/v2\/posts\/1449\/revisions"}],"predecessor-version":[{"id":1450,"href":"https:\/\/focotocantinense.com.br\/index.php?rest_route=\/wp\/v2\/posts\/1449\/revisions\/1450"}],"wp:featuredmedia":[{"embeddable":true,"href":"https:\/\/focotocantinense.com.br\/index.php?rest_route=\/wp\/v2\/media\/1451"}],"wp:attachment":[{"href":"https:\/\/focotocantinense.com.br\/index.php?rest_route=%2Fwp%2Fv2%2Fmedia&parent=1449"}],"wp:term":[{"taxonomy":"category","embeddable":true,"href":"https:\/\/focotocantinense.com.br\/index.php?rest_route=%2Fwp%2Fv2%2Fcategories&post=1449"},{"taxonomy":"post_tag","embeddable":true,"href":"https:\/\/focotocantinense.com.br\/index.php?rest_route=%2Fwp%2Fv2%2Ftags&post=1449"}],"curies":[{"name":"wp","href":"https:\/\/api.w.org\/{rel}","templated":true}]}}