{"id":1440,"date":"2021-06-23T18:31:40","date_gmt":"2021-06-23T21:31:40","guid":{"rendered":"http:\/\/focotocantinense.com.br\/?p=1440"},"modified":"2021-06-23T18:47:49","modified_gmt":"2021-06-23T21:47:49","slug":"vereador-jair-do-povo-defende-que-unirg-implante-o-revalida-para-os-formandos-em-medicina-no-exterior","status":"publish","type":"post","link":"https:\/\/focotocantinense.com.br\/?p=1440","title":{"rendered":"Vereador Jair do Povo defende que UnirG implante o revalida para os formandos em medicina no exterior"},"content":{"rendered":"\n<p><strong>Por Zacarias Martins<\/strong><\/p>\n\n\n\n<p>A C\u00e2mara Municipal de Gurupi, aprovou o requerimento de autoria do vereador Jair do Povo (Pros), onde prop\u00f5e&nbsp;&nbsp; \u00e0 UnirG, a implanta\u00e7\u00e3o de curso de complementa\u00e7\u00e3o para portadores de diplomas de medicina formados por universidades estrangeiras e implante o uso da telemedicina durante a pandemia da COVID19<\/p>\n\n\n\n<p>Pela proposta do vereador, o aluno que deseja entrar com a revalida\u00e7\u00e3o precisa atender a crit\u00e9rios b\u00e1sicos, como: apresentar diploma e documentos com as disciplinas cursadas na faculdade do exterior, al\u00e9m das notas e cargas hor\u00e1rias.<\/p>\n\n\n\n<p>\u201cA solicita\u00e7\u00e3o dever\u00e1 ser &nbsp;analisada por uma comiss\u00e3o formada por professores. Depois da aprecia\u00e7\u00e3o, os docentes verificam se o profissional precisar\u00e1 ou n\u00e3o prestar uma prova ou ainda realizar uma complementa\u00e7\u00e3o de estudos\u201d, explica Jair do Povo<\/p>\n\n\n\n<p>O vereador defendeu sua proposta argumentando que o Estado do Tocantins, principalmente a regi\u00e3o sul do Estado tem um n\u00famero expressivo de estudantes de medicina no exterior e&nbsp; que, por isso mesmo,&nbsp; &nbsp;necessitam de um apoio regional para complementar seus estudos.<\/p>\n\n\n\n<figure class=\"wp-block-image\"><img decoding=\"async\" src=\"https:\/\/tonoticia.com.br\/images\/noticias\/2097\/120df39c9a12ab73ec4315dd3f6ca41f.jpeg\" alt=\"\"\/><\/figure>\n","protected":false},"excerpt":{"rendered":"<p>Por Zacarias Martins A C\u00e2mara Municipal de Gurupi, aprovou o requerimento de autoria do vereador Jair do Povo (Pros), onde prop\u00f5e&nbsp;&nbsp; \u00e0 UnirG, a implanta\u00e7\u00e3o de curso de complementa\u00e7\u00e3o para portadores de diplomas de medicina formados por universidades estrangeiras e implante o uso da telemedicina durante a pandemia da COVID19 Pela proposta do vereador, o &hellip;<\/p>\n","protected":false},"author":5,"featured_media":1446,"comment_status":"open","ping_status":"open","sticky":true,"template":"","format":"standard","meta":{"footnotes":""},"categories":[1],"tags":[],"class_list":["post-1440","post","type-post","status-publish","format-standard","has-post-thumbnail","","category-sem-categoria"],"_links":{"self":[{"href":"https:\/\/focotocantinense.com.br\/index.php?rest_route=\/wp\/v2\/posts\/1440","targetHints":{"allow":["GET"]}}],"collection":[{"href":"https:\/\/focotocantinense.com.br\/index.php?rest_route=\/wp\/v2\/posts"}],"about":[{"href":"https:\/\/focotocantinense.com.br\/index.php?rest_route=\/wp\/v2\/types\/post"}],"author":[{"embeddable":true,"href":"https:\/\/focotocantinense.com.br\/index.php?rest_route=\/wp\/v2\/users\/5"}],"replies":[{"embeddable":true,"href":"https:\/\/focotocantinense.com.br\/index.php?rest_route=%2Fwp%2Fv2%2Fcomments&post=1440"}],"version-history":[{"count":3,"href":"https:\/\/focotocantinense.com.br\/index.php?rest_route=\/wp\/v2\/posts\/1440\/revisions"}],"predecessor-version":[{"id":1445,"href":"https:\/\/focotocantinense.com.br\/index.php?rest_route=\/wp\/v2\/posts\/1440\/revisions\/1445"}],"wp:featuredmedia":[{"embeddable":true,"href":"https:\/\/focotocantinense.com.br\/index.php?rest_route=\/wp\/v2\/media\/1446"}],"wp:attachment":[{"href":"https:\/\/focotocantinense.com.br\/index.php?rest_route=%2Fwp%2Fv2%2Fmedia&parent=1440"}],"wp:term":[{"taxonomy":"category","embeddable":true,"href":"https:\/\/focotocantinense.com.br\/index.php?rest_route=%2Fwp%2Fv2%2Fcategories&post=1440"},{"taxonomy":"post_tag","embeddable":true,"href":"https:\/\/focotocantinense.com.br\/index.php?rest_route=%2Fwp%2Fv2%2Ftags&post=1440"}],"curies":[{"name":"wp","href":"https:\/\/api.w.org\/{rel}","templated":true}]}}