{"id":1437,"date":"2021-06-23T17:15:01","date_gmt":"2021-06-23T20:15:01","guid":{"rendered":"http:\/\/focotocantinense.com.br\/?p=1437"},"modified":"2021-06-23T17:15:45","modified_gmt":"2021-06-23T20:15:45","slug":"gurupi-comeca-vacinacao-de-caminhoneiros-contra-a-covid-19","status":"publish","type":"post","link":"https:\/\/focotocantinense.com.br\/?p=1437","title":{"rendered":"Gurupi come\u00e7a vacina\u00e7\u00e3o de caminhoneiros contra a Covid-19"},"content":{"rendered":"\n<p>A Secretaria Municipal de Sa\u00fade (SEMUS) de Gurupi incluiu mais um grupo priorit\u00e1rio na vacina\u00e7\u00e3o contra Covid-19. Nesta quinta-feira, 24, e sexta-feira, 25, ser\u00e3o imunizados os caminhoneiros: motoristas de transporte rodovi\u00e1rio de cargas (empregado, cooperado ou aut\u00f4nomo) residentes em Gurupi.&nbsp; Eles dever\u00e3o se dirigir \u00e0s Escolas Municipais Lenival Correia (setor Alto da Boa Vista) ou Ant\u00f4nio Lino (sa\u00edda para Peixe), a partir das 9 horas.<\/p>\n\n\n\n<p>Essa categoria, independentemente da idade, receber\u00e1 doses da Pfizer. Para vacinar ter\u00e3o que apresentar documentos comprobat\u00f3rios como carteira de trabalho ou crach\u00e1 profissional; ou contracheque com documento de identidade; ou carteira de s\u00f3cio de cooperativa do transporte de carga (categoria de motorista); ou carteira de s\u00f3cio dos sindicatos de transportes (categoria de motorista); ou comprovante de inscri\u00e7\u00e3o no Registro Nacional de Transportes Rodovi\u00e1rios de Cargas. Todos os comprovantes dever\u00e3o ser acompanhados da Carteira de Habilita\u00e7\u00e3o nas categorias C ou E. Ter\u00e3o que apresentar tamb\u00e9m comprovante de resid\u00eancia, al\u00e9m do cart\u00e3o SUS e cart\u00e3o de vacina\u00e7\u00e3o.<\/p>\n\n\n\n<p>Paralelo a este novo grupo priorit\u00e1rio permanecer\u00e1 a imuniza\u00e7\u00e3o dos trabalhadores da Ind\u00fastria nas \u00e1reas de coleta (ex. trabalhadores da limpeza urbana), produ\u00e7\u00e3o e tratamento de energia, \u00e1gua, esgoto e res\u00edduos, e trabalhadores das atividades de Correios e os da \u00e1rea de Telecomunica\u00e7\u00f5es.<\/p>\n\n\n\n<p>Os documentos comprobat\u00f3rios para os profissionais da ind\u00fastria, nas \u00e1reas descritas anteriormente s\u00e3o: Carteira de trabalho ou crach\u00e1 funcional; ou contracheque com documento de identidade; mais declara\u00e7\u00e3o da empresa com indica\u00e7\u00e3o de CNAE (Cadastro Nacional de Atividades Econ\u00f4micas) e sua descri\u00e7\u00e3o. Al\u00e9m dos documentos pessoais, CPF, RG ou CNH, cart\u00e3o de vacina e do SUS.<\/p>\n\n\n\n<p>O secret\u00e1rio de sa\u00fade, Relmivam Milhomem, ressalta que o trabalho da gest\u00e3o para acelerar a vacina\u00e7\u00e3o. \u201cEstamos trabalhando para atender a todos. A gest\u00e3o n\u00e3o tem medido esfor\u00e7os e continuaremos nessa miss\u00e3o at\u00e9 imunizar toda a popula\u00e7\u00e3o gurupiense\u201d, disse.<\/p>\n\n\n\n<p>A vacina\u00e7\u00e3o est\u00e1 sendo realizada de acordo com as orienta\u00e7\u00f5es do Plano Nacional de Imuniza\u00e7\u00e3o (PNI) do Minist\u00e9rio da Sa\u00fade (MS) e ser\u00e1 ampliada para outras categorias assim que novas remessas de doses forem disponibilizadas ao munic\u00edpio.<\/p>\n\n\n\n<p><strong>Demais categorias que continuam sendo vacinadas:<\/strong><\/p>\n\n\n\n<p>Profissionais da Educa\u00e7\u00e3o a partir de 18 anos, nas escolas Ant\u00f4nio Lino e Lenival Correia;<\/p>\n\n\n\n<p>Gr\u00e1vidas e pu\u00e9rperas com comorbidades na UBS do Setor Sol Nascente;<\/p>\n\n\n\n<p>Pessoas com comorbidades a partir de 18 anos, nas unidades de sa\u00fade Rosendo, Sol Nascente, Parque das Ac\u00e1cias e Policl\u00ednica;<\/p>\n\n\n\n<p>Pessoas com mais de 60 anos, em quaisquer das unidades em que a vacina\u00e7\u00e3o esteja acontecendo;<\/p>\n\n\n\n<p>E tamb\u00e9m, a aplica\u00e7\u00e3o da segunda dose, na Policl\u00ednica.<\/p>\n\n\n\n<p>Essas categorias ser\u00e3o imunizadas enquanto durarem os estoques.<\/p>\n\n\n\n<figure class=\"wp-block-image\"><img decoding=\"async\" src=\"https:\/\/www.n1to.com.br\/img\/cache\/800x400\/80\/crop\/Imagem-082230ed4e8d00ea4d1827855bbb3c79.jpg\" alt=\"\"\/><\/figure>\n","protected":false},"excerpt":{"rendered":"<p>A Secretaria Municipal de Sa\u00fade (SEMUS) de Gurupi incluiu mais um grupo priorit\u00e1rio na vacina\u00e7\u00e3o contra Covid-19. Nesta quinta-feira, 24, e sexta-feira, 25, ser\u00e3o imunizados os caminhoneiros: motoristas de transporte rodovi\u00e1rio de cargas (empregado, cooperado ou aut\u00f4nomo) residentes em Gurupi.&nbsp; Eles dever\u00e3o se dirigir \u00e0s Escolas Municipais Lenival Correia (setor Alto da Boa Vista) ou &hellip;<\/p>\n","protected":false},"author":5,"featured_media":1439,"comment_status":"open","ping_status":"open","sticky":true,"template":"","format":"standard","meta":{"footnotes":""},"categories":[1],"tags":[],"class_list":["post-1437","post","type-post","status-publish","format-standard","has-post-thumbnail","","category-sem-categoria"],"_links":{"self":[{"href":"https:\/\/focotocantinense.com.br\/index.php?rest_route=\/wp\/v2\/posts\/1437","targetHints":{"allow":["GET"]}}],"collection":[{"href":"https:\/\/focotocantinense.com.br\/index.php?rest_route=\/wp\/v2\/posts"}],"about":[{"href":"https:\/\/focotocantinense.com.br\/index.php?rest_route=\/wp\/v2\/types\/post"}],"author":[{"embeddable":true,"href":"https:\/\/focotocantinense.com.br\/index.php?rest_route=\/wp\/v2\/users\/5"}],"replies":[{"embeddable":true,"href":"https:\/\/focotocantinense.com.br\/index.php?rest_route=%2Fwp%2Fv2%2Fcomments&post=1437"}],"version-history":[{"count":1,"href":"https:\/\/focotocantinense.com.br\/index.php?rest_route=\/wp\/v2\/posts\/1437\/revisions"}],"predecessor-version":[{"id":1438,"href":"https:\/\/focotocantinense.com.br\/index.php?rest_route=\/wp\/v2\/posts\/1437\/revisions\/1438"}],"wp:featuredmedia":[{"embeddable":true,"href":"https:\/\/focotocantinense.com.br\/index.php?rest_route=\/wp\/v2\/media\/1439"}],"wp:attachment":[{"href":"https:\/\/focotocantinense.com.br\/index.php?rest_route=%2Fwp%2Fv2%2Fmedia&parent=1437"}],"wp:term":[{"taxonomy":"category","embeddable":true,"href":"https:\/\/focotocantinense.com.br\/index.php?rest_route=%2Fwp%2Fv2%2Fcategories&post=1437"},{"taxonomy":"post_tag","embeddable":true,"href":"https:\/\/focotocantinense.com.br\/index.php?rest_route=%2Fwp%2Fv2%2Ftags&post=1437"}],"curies":[{"name":"wp","href":"https:\/\/api.w.org\/{rel}","templated":true}]}}