{"id":1430,"date":"2021-06-22T15:55:21","date_gmt":"2021-06-22T18:55:21","guid":{"rendered":"http:\/\/focotocantinense.com.br\/?p=1430"},"modified":"2021-06-22T15:56:05","modified_gmt":"2021-06-22T18:56:05","slug":"presidente-da-assembleia-fala-em-coletiva-sobre-seu-futuro-politico","status":"publish","type":"post","link":"https:\/\/focotocantinense.com.br\/?p=1430","title":{"rendered":"Presidente da Assembleia fala em coletiva sobre seu futuro pol\u00edtico"},"content":{"rendered":"\n<p>O presidente da Assembleia Legislativa do Tocantins (Aleto), deputado Antonio Andrade (sem partido), afirmou em entrevista coletiva \u00e0 imprensa na manh\u00e3 desta ter\u00e7a-feira, 22, que deve acompanhar o governador Mauro Carlesse, que se filiou recentemente ao Partido Social Liberal (PSL).<\/p>\n\n\n\n<p>A decis\u00e3o de seguir o chefe do Executivo foi tomada depois que a dire\u00e7\u00e3o estadual do Partido Trabalhista Brasileiro (PTB), do qual Andrade era presidente, foi destitu\u00edda pelo Diret\u00f3rio Nacional da sigla.<\/p>\n\n\n\n<p>Em fun\u00e7\u00e3o da destitui\u00e7\u00e3o, o presidente decidiu deixar o PTB e seguir o caminho de Carlesse. &#8220;A possibilidade \u00e9 de 80% de que eu vou para o PSL, juntamente com o governador&#8221;, afirmou.<\/p>\n\n\n\n<p>Conforme garantiu, ele vai procurar os prefeitos e vice-prefeitos da antiga legenda, na esperan\u00e7a de que sigam com ele na nova agremia\u00e7\u00e3o partid\u00e1ria. Andrade afirmou que n\u00e3o sabe as raz\u00f5es pelas quais o PTB nacional destituiu o diret\u00f3rio no Tocantins.<\/p>\n\n\n\n<p>Essa foi a segunda vez que Andrade foi filiado ao PTB, e agora, como comandante da legenda, &#8220;fez um trabalho de excel\u00eancia, segundo afirmou, elegendo dez prefeitos, onze vice-prefeitos e 200 vereadores na elei\u00e7\u00e3o de 2020.<\/p>\n\n\n\n<p>&#8220;Quando voltei ao partido, h\u00e1 dois anos, existiam somente quatro prefeitos, tr\u00eas vices e 69 vereadores; na elei\u00e7\u00e3o passada, tivemos um crescimento de 120%&#8221;, lembrou.<\/p>\n\n\n\n<p>Em rela\u00e7\u00e3o ao seu futuro pol\u00edtico, o presidente da Casa disse que pretende ser candidato a deputado federal, Carlesse deve se candidatar a senador, e Wanderlei Barbosa possivelmente ao governo do Estado. Andrade falou da sua lealdade ao governador e garantiu que estar\u00e1 com quem Carlesse estiver para presidente da Rep\u00fablica na elei\u00e7\u00e3o do pr\u00f3ximo ano.<\/p>\n\n\n\n<p>Quanto \u00e0 candidatura de Luiz In\u00e1cio Lula da Silva, disse ser um &#8220;candidato fort\u00edssimo&#8221;, e que Bolsonaro \u00e9 um grande presidente, mas est\u00e1 sendo &#8220;atrapalhado pela pandemia&#8221;. No entanto, se Carlesse decidir apoiar o atual mandat\u00e1rio, ele estar\u00e1 ao lado do governador.<\/p>\n\n\n\n<p>Andrade sugeriu que sejam realizadas coletivas de imprensa semestrais. &#8220;\u00c9 muito bom encontrar com voc\u00eas. Isso tem a import\u00e2ncia de mantermos o di\u00e1logo com os senhores e com a comunidade&#8221;, defendeu.<\/p>\n\n\n\n<p><strong>TV Assembleia<\/strong><\/p>\n\n\n\n<p>Andrade disse tamb\u00e9m pr\u00f3ximo dia 1\u00ba, \u00e0s 19 horas, ser\u00e1 inaugurado o sinal digital da TV Assembleia em Gurupi. O evento vai acontecer na C\u00e2mara Municipal dever\u00e1 contar com a presen\u00e7a do governador Mauro Carlesse. Posteriormente, a inaugura\u00e7\u00e3o ser\u00e1 em em Para\u00edso do Tocantins. &#8220;A expans\u00e3o do sinal [digital] da TV, al\u00e9m de outras finalidades, vai mostrar ao povo tocantinense o que os deputados est\u00e3o fazendo pela sociedade no Parlamento&#8221;, garantiu, acrescentando que nas duas cidades ser\u00e3o feitas parcerias com a prefeitura e C\u00e2mara Municipal.<\/p>\n\n\n\n<p>O presidente da Aleto aproveitou o momento para defender a vacina\u00e7\u00e3o contra a Covid-19 e recomendar o m\u00e1ximo de cuidados na preven\u00e7\u00e3o ao novo coronavirus.<\/p>\n\n\n\n<figure class=\"wp-block-image\"><img decoding=\"async\" src=\"https:\/\/www.al.to.leg.br\/imagens\/mini\/1130x755\/baaea24beec7d0c36b499e3ea4c4f118.jpeg\" alt=\"Assunto foi discutido em coletiva \u00e0 imprensa\"\/><\/figure>\n","protected":false},"excerpt":{"rendered":"<p>O presidente da Assembleia Legislativa do Tocantins (Aleto), deputado Antonio Andrade (sem partido), afirmou em entrevista coletiva \u00e0 imprensa na manh\u00e3 desta ter\u00e7a-feira, 22, que deve acompanhar o governador Mauro Carlesse, que se filiou recentemente ao Partido Social Liberal (PSL). A decis\u00e3o de seguir o chefe do Executivo foi tomada depois que a dire\u00e7\u00e3o estadual &hellip;<\/p>\n","protected":false},"author":5,"featured_media":1432,"comment_status":"open","ping_status":"open","sticky":true,"template":"","format":"standard","meta":{"footnotes":""},"categories":[1],"tags":[],"class_list":["post-1430","post","type-post","status-publish","format-standard","has-post-thumbnail","","category-sem-categoria"],"_links":{"self":[{"href":"https:\/\/focotocantinense.com.br\/index.php?rest_route=\/wp\/v2\/posts\/1430","targetHints":{"allow":["GET"]}}],"collection":[{"href":"https:\/\/focotocantinense.com.br\/index.php?rest_route=\/wp\/v2\/posts"}],"about":[{"href":"https:\/\/focotocantinense.com.br\/index.php?rest_route=\/wp\/v2\/types\/post"}],"author":[{"embeddable":true,"href":"https:\/\/focotocantinense.com.br\/index.php?rest_route=\/wp\/v2\/users\/5"}],"replies":[{"embeddable":true,"href":"https:\/\/focotocantinense.com.br\/index.php?rest_route=%2Fwp%2Fv2%2Fcomments&post=1430"}],"version-history":[{"count":1,"href":"https:\/\/focotocantinense.com.br\/index.php?rest_route=\/wp\/v2\/posts\/1430\/revisions"}],"predecessor-version":[{"id":1431,"href":"https:\/\/focotocantinense.com.br\/index.php?rest_route=\/wp\/v2\/posts\/1430\/revisions\/1431"}],"wp:featuredmedia":[{"embeddable":true,"href":"https:\/\/focotocantinense.com.br\/index.php?rest_route=\/wp\/v2\/media\/1432"}],"wp:attachment":[{"href":"https:\/\/focotocantinense.com.br\/index.php?rest_route=%2Fwp%2Fv2%2Fmedia&parent=1430"}],"wp:term":[{"taxonomy":"category","embeddable":true,"href":"https:\/\/focotocantinense.com.br\/index.php?rest_route=%2Fwp%2Fv2%2Fcategories&post=1430"},{"taxonomy":"post_tag","embeddable":true,"href":"https:\/\/focotocantinense.com.br\/index.php?rest_route=%2Fwp%2Fv2%2Ftags&post=1430"}],"curies":[{"name":"wp","href":"https:\/\/api.w.org\/{rel}","templated":true}]}}