{"id":1427,"date":"2021-06-22T15:09:48","date_gmt":"2021-06-22T18:09:48","guid":{"rendered":"http:\/\/focotocantinense.com.br\/?p=1427"},"modified":"2021-06-22T15:10:58","modified_gmt":"2021-06-22T18:10:58","slug":"projeto-aprovado-na-camara-municipal-de-lagoa-da-confusao-reconhece-as-atividades-religiosas-como-servicos-essenciais","status":"publish","type":"post","link":"https:\/\/focotocantinense.com.br\/?p=1427","title":{"rendered":"Projeto aprovado na C\u00e2mara Municipal de Lagoa da Confus\u00e3o reconhece as atividades religiosas como servi\u00e7os essenciais"},"content":{"rendered":"\n<p><strong>Por Zacarias Martins<\/strong><\/p>\n\n\n\n<p>A C\u00e2mara Municipal de Lagoa da Confus\u00e3o, aprovou o Projeto de Lei de autoria do vereador Welice Cardoso (Solidariedade), tendo sido subscrito pelos vereadores Denito Pereira de Carvalho (PP) e Alan Coelho dos Santos (MDB),&nbsp; onde s\u00e3o consideradas essenciais as atividades religiosas realizadas nos templos e fora deles, assegurando-se aos fi\u00e9is o livre exerc\u00edcio de culto, ainda que em situa\u00e7\u00f5es de calamidade p\u00fablica, de emerg\u00eancia, de epidemia ou de pandemia, sendo vedada a determina\u00e7\u00e3o de fechamento total das institui\u00e7\u00f5es religiosas.<\/p>\n\n\n\n<p>O parlamentar argumenta que&nbsp; a liberdade de culto deve ser garantida, nos termos da Constitui\u00e7\u00e3o da Rep\u00fablica Federativa do Brasil e da Declara\u00e7\u00e3o Universal dos Direitos Humanos e que as &nbsp;restri\u00e7\u00f5es ao direito de reuni\u00e3o ou ao exerc\u00edcio de outras atividades religiosas determinadas pelo poder p\u00fablico nas situa\u00e7\u00f5es excepcionais referidas no art. 1\u00ba devem fundar-se nas normas sanit\u00e1rias ou de seguran\u00e7a p\u00fablica aplic\u00e1veis e s\u00e3o precedidas de decis\u00e3o administrativa fundamentada da autoridade competente, a qual deve expressamente indicar a extens\u00e3o, os motivos e os crit\u00e9rios cient\u00edficos e t\u00e9cnicos que embasam as medidas impostas.<\/p>\n\n\n\n<p>Welice Cardoso disse ainda que com a pandemia, as pessoas ficaram isoladas dentro das suas resid\u00eancias, criando uma sensa\u00e7\u00e3o de p\u00e2nico na sociedade em raz\u00e3o das not\u00edcias veiculadas pela imprensa, provocando medo, temor e crises de ansiedade, e acabam buscando aux\u00edlio atrav\u00e9s do trabalho espiritual feito pelas igrejas e templos religiosos.<\/p>\n\n\n\n<p>\u201cPor isso, conforme o projeto, o trabalho realizado pelas igrejas e templos religiosos deve ser considerado essencial, pois al\u00e9m de acolher as pessoas que est\u00e3o aflitas, doentes e angustiadas, traz paz espiritual entre os povos\u201d, concluiu.<\/p>\n\n\n\n<figure class=\"wp-block-image\"><img decoding=\"async\" src=\"https:\/\/www.n1to.com.br\/img\/cache\/800x400\/80\/crop\/Imagem-2a4a54be57dcb424ebfa8b0e1cc87c9a.jpg\" alt=\"\"\/><\/figure>\n","protected":false},"excerpt":{"rendered":"<p>Por Zacarias Martins A C\u00e2mara Municipal de Lagoa da Confus\u00e3o, aprovou o Projeto de Lei de autoria do vereador Welice Cardoso (Solidariedade), tendo sido subscrito pelos vereadores Denito Pereira de Carvalho (PP) e Alan Coelho dos Santos (MDB),&nbsp; onde s\u00e3o consideradas essenciais as atividades religiosas realizadas nos templos e fora deles, assegurando-se aos fi\u00e9is o &hellip;<\/p>\n","protected":false},"author":5,"featured_media":1429,"comment_status":"open","ping_status":"open","sticky":true,"template":"","format":"standard","meta":{"footnotes":""},"categories":[1],"tags":[],"class_list":["post-1427","post","type-post","status-publish","format-standard","has-post-thumbnail","","category-sem-categoria"],"_links":{"self":[{"href":"https:\/\/focotocantinense.com.br\/index.php?rest_route=\/wp\/v2\/posts\/1427","targetHints":{"allow":["GET"]}}],"collection":[{"href":"https:\/\/focotocantinense.com.br\/index.php?rest_route=\/wp\/v2\/posts"}],"about":[{"href":"https:\/\/focotocantinense.com.br\/index.php?rest_route=\/wp\/v2\/types\/post"}],"author":[{"embeddable":true,"href":"https:\/\/focotocantinense.com.br\/index.php?rest_route=\/wp\/v2\/users\/5"}],"replies":[{"embeddable":true,"href":"https:\/\/focotocantinense.com.br\/index.php?rest_route=%2Fwp%2Fv2%2Fcomments&post=1427"}],"version-history":[{"count":1,"href":"https:\/\/focotocantinense.com.br\/index.php?rest_route=\/wp\/v2\/posts\/1427\/revisions"}],"predecessor-version":[{"id":1428,"href":"https:\/\/focotocantinense.com.br\/index.php?rest_route=\/wp\/v2\/posts\/1427\/revisions\/1428"}],"wp:featuredmedia":[{"embeddable":true,"href":"https:\/\/focotocantinense.com.br\/index.php?rest_route=\/wp\/v2\/media\/1429"}],"wp:attachment":[{"href":"https:\/\/focotocantinense.com.br\/index.php?rest_route=%2Fwp%2Fv2%2Fmedia&parent=1427"}],"wp:term":[{"taxonomy":"category","embeddable":true,"href":"https:\/\/focotocantinense.com.br\/index.php?rest_route=%2Fwp%2Fv2%2Fcategories&post=1427"},{"taxonomy":"post_tag","embeddable":true,"href":"https:\/\/focotocantinense.com.br\/index.php?rest_route=%2Fwp%2Fv2%2Ftags&post=1427"}],"curies":[{"name":"wp","href":"https:\/\/api.w.org\/{rel}","templated":true}]}}