{"id":1422,"date":"2021-06-19T16:42:18","date_gmt":"2021-06-19T19:42:18","guid":{"rendered":"http:\/\/focotocantinense.com.br\/?p=1422"},"modified":"2021-06-19T16:43:24","modified_gmt":"2021-06-19T19:43:24","slug":"diamante-agricola-promove-a-doacao-de-mudas-de-especies-nativas-do-cerrado-em-lagoa-da-confusao","status":"publish","type":"post","link":"https:\/\/focotocantinense.com.br\/?p=1422","title":{"rendered":"Diamante Agr\u00edcola promove a doa\u00e7\u00e3o de mudas de esp\u00e9cies nativas do cerrado em Lagoa da Confus\u00e3o"},"content":{"rendered":"\n<p><strong>Por Zacarias Martins<\/strong><\/p>\n\n\n\n<p>Dando &nbsp;sequ\u00eancia&nbsp; \u00e0s a\u00e7\u00f5es de comprometimento com as quest\u00f5es socioambientais, a empresa &nbsp;Diamante Agr\u00edcola, de Lagoa da Confus\u00e3o, promoveu na manh\u00e3 deste s\u00e1bado (19), a entrega de 350 mudas&nbsp; de \u00e1rvores nativas&nbsp; do cerrado, como Ameixa do campo, angico vermelho, aroeira, cagaita, emba\u00faba,&nbsp; baru, cedro, &nbsp;cereja silvestre, ing\u00e1 da mata, dentre outras esp\u00e9cies.<\/p>\n\n\n\n<p>Essa a\u00e7\u00e3o foi prestigiada com a presen\u00e7a do prefeito Thiago Carlos, e&nbsp; aconteceu na Avenida Vitorino Panta, &nbsp;esquina com a Rua Firmino Lacerda, no setor central da cidade, em homenagem ao M\u00eas do Meio Ambiente.<\/p>\n\n\n\n<p>O representante da Diamante Agr\u00edcola, Romivaldo Martins, afirmou que &nbsp;essa iniciativa da empresa em doar as mudas&nbsp; de esp\u00e9cies nativas \u00e0 comunidade de Lagoa da Confus\u00e3o, \u00e9 como um &nbsp;momento de resgate da nossa conex\u00e3o com a Natureza \u201cUm momento para entender a import\u00e2ncia das \u00e1rvores nas nossas vidas e assumir o papel de protagonistas na conserva\u00e7\u00e3o e restaura\u00e7\u00e3o das florestas\u201d, destacou Romivaldo.<\/p>\n\n\n\n<p>J\u00e1 o secret\u00e1rio municipal de Meio Ambiente de Lagoa da Confus\u00e3o, Maxwell Panta, disse que esse tipo de iniciativa \u00e9 de suma import\u00e2ncia&nbsp; para o munic\u00edpio, j\u00e1 que conta com um agroneg\u00f3cio forte, no entanto, \u00e9&nbsp; preciso que todos estejam alinhados ao desenvolvimento sustent\u00e1vel.<\/p>\n\n\n\n<p>SOBRE A EMPRESA<\/p>\n\n\n\n<p>A Diamante Agr\u00edcola \u00e9 uma empresa de destaque no agroneg\u00f3cio, com finalidade na produ\u00e7\u00e3o de arroz e soja. Seus s\u00f3cios chegaram ao Estado do Tocantins no ano de 1993.<\/p>\n\n\n\n<p>Fundada em 2008, tem como foco a qualidade e a constru\u00e7\u00e3o de uma empresa com grande valor para o mercado e a sociedade.<\/p>\n\n\n\n<p>Formada por uma equipe jovem, capacitada e treinada, com estrutura operacional robusta, como bombas de irriga\u00e7\u00e3o, tratores, plantadeiras, colheitadeiras, escavadeiras, avi\u00f5es agr\u00edcolas e secadores.<\/p>\n\n\n\n<figure class=\"wp-block-image\"><img decoding=\"async\" src=\"http:\/\/n1to.com.br\/img\/uploads\/2_-_NOTICIA_1_ROMIS.jpg\" alt=\"\"\/><\/figure>\n\n\n\n<figure class=\"wp-block-image\"><img decoding=\"async\" src=\"http:\/\/n1to.com.br\/img\/uploads\/2_A_-_NOTICIA_1_ROMIS.jpg\" alt=\"\"\/><\/figure>\n\n\n\n<figure class=\"wp-block-image\"><img decoding=\"async\" src=\"http:\/\/n1to.com.br\/img\/uploads\/3_-_MES_DO_MEIO_AMBIENTE_1.jpg\" alt=\"\"\/><\/figure>\n\n\n\n<p><em><strong>O prefeito de Lagoa da Confus\u00e3o, Thiago Carlos, recebe&nbsp; de Romivaldo Martins, uma muda&nbsp; de \u00e1rvore nativa do cerrado<\/strong><\/em><\/p>\n","protected":false},"excerpt":{"rendered":"<p>Por Zacarias Martins Dando &nbsp;sequ\u00eancia&nbsp; \u00e0s a\u00e7\u00f5es de comprometimento com as quest\u00f5es socioambientais, a empresa &nbsp;Diamante Agr\u00edcola, de Lagoa da Confus\u00e3o, promoveu na manh\u00e3 deste s\u00e1bado (19), a entrega de 350 mudas&nbsp; de \u00e1rvores nativas&nbsp; do cerrado, como Ameixa do campo, angico vermelho, aroeira, cagaita, emba\u00faba,&nbsp; baru, cedro, &nbsp;cereja silvestre, ing\u00e1 da mata, dentre outras &hellip;<\/p>\n","protected":false},"author":5,"featured_media":1424,"comment_status":"open","ping_status":"open","sticky":true,"template":"","format":"standard","meta":{"footnotes":""},"categories":[1],"tags":[],"class_list":["post-1422","post","type-post","status-publish","format-standard","has-post-thumbnail","","category-sem-categoria"],"_links":{"self":[{"href":"https:\/\/focotocantinense.com.br\/index.php?rest_route=\/wp\/v2\/posts\/1422","targetHints":{"allow":["GET"]}}],"collection":[{"href":"https:\/\/focotocantinense.com.br\/index.php?rest_route=\/wp\/v2\/posts"}],"about":[{"href":"https:\/\/focotocantinense.com.br\/index.php?rest_route=\/wp\/v2\/types\/post"}],"author":[{"embeddable":true,"href":"https:\/\/focotocantinense.com.br\/index.php?rest_route=\/wp\/v2\/users\/5"}],"replies":[{"embeddable":true,"href":"https:\/\/focotocantinense.com.br\/index.php?rest_route=%2Fwp%2Fv2%2Fcomments&post=1422"}],"version-history":[{"count":2,"href":"https:\/\/focotocantinense.com.br\/index.php?rest_route=\/wp\/v2\/posts\/1422\/revisions"}],"predecessor-version":[{"id":1425,"href":"https:\/\/focotocantinense.com.br\/index.php?rest_route=\/wp\/v2\/posts\/1422\/revisions\/1425"}],"wp:featuredmedia":[{"embeddable":true,"href":"https:\/\/focotocantinense.com.br\/index.php?rest_route=\/wp\/v2\/media\/1424"}],"wp:attachment":[{"href":"https:\/\/focotocantinense.com.br\/index.php?rest_route=%2Fwp%2Fv2%2Fmedia&parent=1422"}],"wp:term":[{"taxonomy":"category","embeddable":true,"href":"https:\/\/focotocantinense.com.br\/index.php?rest_route=%2Fwp%2Fv2%2Fcategories&post=1422"},{"taxonomy":"post_tag","embeddable":true,"href":"https:\/\/focotocantinense.com.br\/index.php?rest_route=%2Fwp%2Fv2%2Ftags&post=1422"}],"curies":[{"name":"wp","href":"https:\/\/api.w.org\/{rel}","templated":true}]}}