{"id":1419,"date":"2021-06-19T14:35:01","date_gmt":"2021-06-19T17:35:01","guid":{"rendered":"http:\/\/focotocantinense.com.br\/?p=1419"},"modified":"2021-06-19T14:35:59","modified_gmt":"2021-06-19T17:35:59","slug":"tocantinia-coloca-em-pratica-o-sistema-de-avaliacao-do-ensino-remoto","status":"publish","type":"post","link":"https:\/\/focotocantinense.com.br\/?p=1419","title":{"rendered":"Tocant\u00ednia coloca em pr\u00e1tica o Sistema de Avalia\u00e7\u00e3o do Ensino Remoto"},"content":{"rendered":"\n<p><strong>Por Zacarias Martins<\/strong><\/p>\n\n\n\n<p>Na sexta-feira (18), em todas as Unidades Escolares da Rede Municipal de Educa\u00e7\u00e3o em Tocant\u00ednia aconteceu a entrega do Caderno de Avalia\u00e7\u00e3o do Sistema de Avalia\u00e7\u00e3o do Ensino Remoto \u2013 SAER, tendo por objetivo realizar um diagn\u00f3stico com todos os alunos da rede municipal para avaliar os resultados do processo de ensino e aprendizagem com o desenvolvimento das aulas remotas.<\/p>\n\n\n\n<p>O secret\u00e1rio de Educa\u00e7\u00e3o de Tocant\u00ednia, Andr\u00e9 Goveia, explicou que a iniciativa tamb\u00e9m serviu para &nbsp;analisar os aspectos quantitativos e qualitativos como reza a Lei de Diretrizes e Bases da Educa\u00e7\u00e3o Nacional \u2013 LDB, bem como, identificar o n\u00edvel de aprendizagem dos alunos e detectar os impactos do ensino e aprendizagem remoto, al\u00e9m de constatar as poss\u00edveis lacunas na aprendizagem dos alunos .<\/p>\n\n\n\n<p>\u201cO diagn\u00f3stico tem o prop\u00f3sito de dar base para o planejamento das aulas no segundo semestre sejam elas remotas ou em sistema h\u00edbrido de forma que sejam feitas as interven\u00e7\u00f5es pedag\u00f3gicas para recuperar ou revisar conte\u00fados n\u00e3o desenvolvidos de forma satisfat\u00f3ria nos diversos componentes curriculares\u201d, afirmou o secret\u00e1rio Andr\u00e9 Goveia.<\/p>\n\n\n\n<p>Outra finalidade&nbsp; desse Sistema de Avalia\u00e7\u00e3o do Ensino Remoto, conforme explicou o secret\u00e1rio Andr\u00e9 Goveia, \u00e9 que ele ainda serve de par\u00e2metro para a realiza\u00e7\u00e3o de forma\u00e7\u00e3o continuada dos professores e equipes pedag\u00f3gicas, bem como, &nbsp;para demandar os investimentos em infraestrutura e equipamentos e suplementos did\u00e1ticos pertinentes.<\/p>\n\n\n\n<figure class=\"wp-block-image\"><img decoding=\"async\" src=\"http:\/\/n1to.com.br\/img\/uploads\/ANDRE_GOVEIA.jpg\" alt=\"\"\/><\/figure>\n","protected":false},"excerpt":{"rendered":"<p>Por Zacarias Martins Na sexta-feira (18), em todas as Unidades Escolares da Rede Municipal de Educa\u00e7\u00e3o em Tocant\u00ednia aconteceu a entrega do Caderno de Avalia\u00e7\u00e3o do Sistema de Avalia\u00e7\u00e3o do Ensino Remoto \u2013 SAER, tendo por objetivo realizar um diagn\u00f3stico com todos os alunos da rede municipal para avaliar os resultados do processo de ensino &hellip;<\/p>\n","protected":false},"author":5,"featured_media":1421,"comment_status":"open","ping_status":"open","sticky":true,"template":"","format":"standard","meta":{"footnotes":""},"categories":[1],"tags":[],"class_list":["post-1419","post","type-post","status-publish","format-standard","has-post-thumbnail","","category-sem-categoria"],"_links":{"self":[{"href":"https:\/\/focotocantinense.com.br\/index.php?rest_route=\/wp\/v2\/posts\/1419","targetHints":{"allow":["GET"]}}],"collection":[{"href":"https:\/\/focotocantinense.com.br\/index.php?rest_route=\/wp\/v2\/posts"}],"about":[{"href":"https:\/\/focotocantinense.com.br\/index.php?rest_route=\/wp\/v2\/types\/post"}],"author":[{"embeddable":true,"href":"https:\/\/focotocantinense.com.br\/index.php?rest_route=\/wp\/v2\/users\/5"}],"replies":[{"embeddable":true,"href":"https:\/\/focotocantinense.com.br\/index.php?rest_route=%2Fwp%2Fv2%2Fcomments&post=1419"}],"version-history":[{"count":1,"href":"https:\/\/focotocantinense.com.br\/index.php?rest_route=\/wp\/v2\/posts\/1419\/revisions"}],"predecessor-version":[{"id":1420,"href":"https:\/\/focotocantinense.com.br\/index.php?rest_route=\/wp\/v2\/posts\/1419\/revisions\/1420"}],"wp:featuredmedia":[{"embeddable":true,"href":"https:\/\/focotocantinense.com.br\/index.php?rest_route=\/wp\/v2\/media\/1421"}],"wp:attachment":[{"href":"https:\/\/focotocantinense.com.br\/index.php?rest_route=%2Fwp%2Fv2%2Fmedia&parent=1419"}],"wp:term":[{"taxonomy":"category","embeddable":true,"href":"https:\/\/focotocantinense.com.br\/index.php?rest_route=%2Fwp%2Fv2%2Fcategories&post=1419"},{"taxonomy":"post_tag","embeddable":true,"href":"https:\/\/focotocantinense.com.br\/index.php?rest_route=%2Fwp%2Fv2%2Ftags&post=1419"}],"curies":[{"name":"wp","href":"https:\/\/api.w.org\/{rel}","templated":true}]}}