{"id":1415,"date":"2021-06-19T14:32:11","date_gmt":"2021-06-19T17:32:11","guid":{"rendered":"http:\/\/focotocantinense.com.br\/?p=1415"},"modified":"2021-06-19T14:33:20","modified_gmt":"2021-06-19T17:33:20","slug":"inscricoes-para-o-palmas-curte-arte-em-casa-terminam-na-segunda-feira-21","status":"publish","type":"post","link":"https:\/\/focotocantinense.com.br\/?p=1415","title":{"rendered":"Inscri\u00e7\u00f5es para o Palmas Curte Arte em Casa terminam na segunda-feira, 21"},"content":{"rendered":"\n<p>Profissionais da cultura interessados em participar do \u2018Palmas Curte Arte em Casa\u2019 t\u00eam at\u00e9 a pr\u00f3xima segunda-feira, 21, para realizar a inscri\u00e7\u00e3o. O edital vai premiar 110 projetos art\u00edsticos&nbsp;para exibi\u00e7\u00e3o online, com recursos de R$ 2 mil cada. As inscri\u00e7\u00f5es podem ser realizadas por meio do preenchimento do Formul\u00e1rio de Cadastro de Proposta, dispon\u00edvel neste<a href=\"https:\/\/docs.google.com\/forms\/d\/1lgA6kyr79ybStpc3yQ_77WEk98pT23LrXPvmM2DUwJA\/viewform?edit_requested=true\" target=\"_blank\" rel=\"noreferrer noopener\">&nbsp;link.<\/a><\/p>\n\n\n\n<p>J\u00e1 em sua segunda edi\u00e7\u00e3o, o \u2018Palmas Curte Arte em Casa\u2019 segue com a&nbsp;finalidade diminuir o impacto da pandemia da Covid-19, junto ao segmento cultural, uma vez que o setor continua sendo um dos que tiveram mais perdas econ\u00f4micas, com a maioria das atividades presenciais ainda paralisadas.<\/p>\n\n\n\n<p>De acordo com o edital ser\u00e3o selecionadas 110 propostas de \u2018produ\u00e7\u00e3o de conte\u00fado art\u00edstico cultural in\u00e9dito\u2019, de express\u00f5es culturais de todos os g\u00eaneros e estilos, com cach\u00ea de R$ 2 mil por projeto. Os trabalhos&nbsp;selecionados ser\u00e3o disponibilizados ao acesso p\u00fablico, gratuitamente, no site&nbsp;<a href=\"http:\/\/www.curtapalmas.com\/\" target=\"_blank\" rel=\"noreferrer noopener\">www.curtapalmas.com<\/a>, conforme cronograma de veicula\u00e7\u00e3o que ser\u00e1 definido posteriormente pela Funda\u00e7\u00e3o Cultural de Palmas.<\/p>\n\n\n\n<p>Os conte\u00fados art\u00edsticos e culturais poder\u00e3o ser apresentados nas mais diversas linguagens e express\u00f5es art\u00edsticas e culturais, como m\u00fasica, artes c\u00eanicas, dan\u00e7a, artes visuais, circo, conta\u00e7\u00e3o de hist\u00f3rias, literatura, culturas afro-brasileiras, populares e tradicionais, em formato de oficinas, semin\u00e1rios, exposi\u00e7\u00f5es, apresenta\u00e7\u00f5es, livros, entre outros, sendo apenas uma proposta por proponente pessoa f\u00edsica e ou jur\u00eddica.<\/p>\n\n\n\n<p>Inscri\u00e7\u00f5es<\/p>\n\n\n\n<p>As inscri\u00e7\u00f5es devem ser realizadas atrav\u00e9s do preenchimento do Formul\u00e1rio de Cadastro de Proposta, dispon\u00edvel neste&nbsp;<a href=\"https:\/\/docs.google.com\/forms\/d\/1lgA6kyr79ybStpc3yQ_77WEk98pT23LrXPvmM2DUwJA\/viewform?edit_requested=true\" target=\"_blank\" rel=\"noreferrer noopener\">link,<\/a>&nbsp;que tamb\u00e9m estar\u00e1 dispon\u00edvel nas redes sociais da Funda\u00e7\u00e3o Cultural de Palmas e no site da Prefeitura de Palmas, a partir do dia 21 de maio e at\u00e9 as 23h59min do dia 21 de junho.<\/p>\n\n\n\n<p>Cada proponente poder\u00e1 concorrer com at\u00e9 uma proposta. Todas as informa\u00e7\u00f5es sobre os crit\u00e9rios de sele\u00e7\u00e3o, apresenta\u00e7\u00e3o das propostas, formato dos projetos pode ser conferidas no edital dispon\u00edvel no site da Funda\u00e7\u00e3o Cultural de Palmas na aba editais, clicando&nbsp;<a href=\"https:\/\/www.palmas.to.gov.br\/media\/orgao\/documentos\/EDITAL_N%C2%BA_005_-PALMAS_CURTE_ARTE_EM_CASA_2021._PORTAL_doc.pdf\" target=\"_blank\" rel=\"noreferrer noopener\">aqui.<\/a><\/p>\n\n\n\n<p>Para os que n\u00e3o possuem acesso \u00e0 internet para a realiza\u00e7\u00e3o das inscri\u00e7\u00f5es, a FCP vai disponibilizar computadores com acesso \u00e0 web no Espa\u00e7o Cultural Jos\u00e9 Gomes Sobrinho, Espa\u00e7o +Cultura na Arse 131, na Casa de Cultura Professora Maria dos Reis em Taquaru\u00e7u e na Esta\u00e7\u00e3o Cidadania Cultura, no setor Morada do Sol II.<\/p>\n\n\n\n<figure class=\"wp-block-image size-large is-resized\"><img loading=\"lazy\" decoding=\"async\" src=\"http:\/\/focotocantinense.com.br\/wp-content\/uploads\/2021\/06\/image.jpeg\" alt=\"Prefeitura determina fechamento do com\u00e9rcio, bares, restaurantes, academias  e shoppings em Palmas | Tocantins | G1\" class=\"wp-image-1416\" width=\"454\" height=\"255\"\/><\/figure>\n","protected":false},"excerpt":{"rendered":"<p>Profissionais da cultura interessados em participar do \u2018Palmas Curte Arte em Casa\u2019 t\u00eam at\u00e9 a pr\u00f3xima segunda-feira, 21, para realizar a inscri\u00e7\u00e3o. O edital vai premiar 110 projetos art\u00edsticos&nbsp;para exibi\u00e7\u00e3o online, com recursos de R$ 2 mil cada. As inscri\u00e7\u00f5es podem ser realizadas por meio do preenchimento do Formul\u00e1rio de Cadastro de Proposta, dispon\u00edvel neste&nbsp;link. &hellip;<\/p>\n","protected":false},"author":5,"featured_media":1418,"comment_status":"open","ping_status":"open","sticky":false,"template":"","format":"standard","meta":{"footnotes":""},"categories":[1],"tags":[],"class_list":["post-1415","post","type-post","status-publish","format-standard","has-post-thumbnail","","category-sem-categoria"],"_links":{"self":[{"href":"https:\/\/focotocantinense.com.br\/index.php?rest_route=\/wp\/v2\/posts\/1415","targetHints":{"allow":["GET"]}}],"collection":[{"href":"https:\/\/focotocantinense.com.br\/index.php?rest_route=\/wp\/v2\/posts"}],"about":[{"href":"https:\/\/focotocantinense.com.br\/index.php?rest_route=\/wp\/v2\/types\/post"}],"author":[{"embeddable":true,"href":"https:\/\/focotocantinense.com.br\/index.php?rest_route=\/wp\/v2\/users\/5"}],"replies":[{"embeddable":true,"href":"https:\/\/focotocantinense.com.br\/index.php?rest_route=%2Fwp%2Fv2%2Fcomments&post=1415"}],"version-history":[{"count":1,"href":"https:\/\/focotocantinense.com.br\/index.php?rest_route=\/wp\/v2\/posts\/1415\/revisions"}],"predecessor-version":[{"id":1417,"href":"https:\/\/focotocantinense.com.br\/index.php?rest_route=\/wp\/v2\/posts\/1415\/revisions\/1417"}],"wp:featuredmedia":[{"embeddable":true,"href":"https:\/\/focotocantinense.com.br\/index.php?rest_route=\/wp\/v2\/media\/1418"}],"wp:attachment":[{"href":"https:\/\/focotocantinense.com.br\/index.php?rest_route=%2Fwp%2Fv2%2Fmedia&parent=1415"}],"wp:term":[{"taxonomy":"category","embeddable":true,"href":"https:\/\/focotocantinense.com.br\/index.php?rest_route=%2Fwp%2Fv2%2Fcategories&post=1415"},{"taxonomy":"post_tag","embeddable":true,"href":"https:\/\/focotocantinense.com.br\/index.php?rest_route=%2Fwp%2Fv2%2Ftags&post=1415"}],"curies":[{"name":"wp","href":"https:\/\/api.w.org\/{rel}","templated":true}]}}