{"id":1406,"date":"2021-06-17T19:44:29","date_gmt":"2021-06-17T22:44:29","guid":{"rendered":"http:\/\/focotocantinense.com.br\/?p=1406"},"modified":"2021-06-17T19:45:49","modified_gmt":"2021-06-17T22:45:49","slug":"formacao-continuada-capacita-professores-de-tocantinia-para-os-desafios-do-ensino-aprendizagem-em-tempos-de-pandemia","status":"publish","type":"post","link":"https:\/\/focotocantinense.com.br\/?p=1406","title":{"rendered":"Forma\u00e7\u00e3o continuada capacita professores de Tocant\u00ednia para os desafios do ensino aprendizagem em tempos de pandemia"},"content":{"rendered":"\n<p><strong>Por Zacarias Martins<\/strong><\/p>\n\n\n\n<p>Come\u00e7ou na ter\u00e7a-feira, dia 15 e foi conclu\u00edda nesta quinta-feira, 17,&nbsp; mais uma Forma\u00e7\u00e3o Continuada dos Professores da Rede&nbsp; Municipal de Educa\u00e7\u00e3o de Tocant\u00ednia, promovida pela Prefeitura de Tocant\u00ednia, por meio da Secretaria Municipal de Educa\u00e7\u00e3o (Semed), e&nbsp; ministrada pela Empresa Farol do Saber. A abertura do evento foi&nbsp; prestigiada pelo prefeito Manoel Silvino e pelo presidente da C\u00e2mara de&nbsp; Vereadores,&nbsp; Afonso Tavares.<\/p>\n\n\n\n<p>Essa forma\u00e7\u00e3o aconteceu nas depend\u00eancias da Escola Municipal de Tempo Integral Ant\u00f4nio Benvindo da Luz, tendo sido observados todos os &nbsp;protocolos de&nbsp; seguran\u00e7a cuidados de prote\u00e7\u00e3o contra a Covid-19. Foram colocadas aos participantes, quest\u00f5es sobre a educa\u00e7\u00e3o emocional e seus desdobramentos no cotidiano escolar em tempo de pandemia, bem como,&nbsp; ensino h\u00edbrido e&nbsp; protocolos de biosseguran\u00e7a para retorno \u00e0s aulas presenciais.<\/p>\n\n\n\n<p>Na oportunidade, o secret\u00e1rio de Educa\u00e7\u00e3o de Tocant\u00ednia, Andr\u00e9 Goveia,&nbsp; aproveitou para&nbsp; falar sobre o Plano de Ensino da Rede Municipal de Educa\u00e7\u00e3o de Tocant\u00ednia nos tempos atuais e ressaltou que a capacita\u00e7\u00e3o dos professores, especialmente, &nbsp;em rela\u00e7\u00e3o aos protocolos de biosseguran\u00e7a adotados nas unidades de ensino \u00e9 de extrema import\u00e2ncia pois eles s\u00e3o os executores de protocolos de seguran\u00e7a e multiplicadores destes aos demais membros da comunidade escolar, que envolvem alunos, fam\u00edlias e colaboradores.<\/p>\n\n\n\n<p>\u201cComo forma de garantir uma educa\u00e7\u00e3o de qualidade para todos em Tocant\u00ednia, a Semed tem estimulado a participa\u00e7\u00e3o dos professores das nossas escolas municipais nas diversas etapas da forma\u00e7\u00e3o continuada, buscando&nbsp; fortalecer seus conhecimentos, habilidades e compet\u00eancias digitais e presenciais com pr\u00e1ticas inovadoras de ensino e aprendizagem para ambientes virtuais, de ensino h\u00edbrido e volta \u00e0s aulas\u201d, explicou &nbsp;Andr\u00e9 Goveia.<\/p>\n\n\n\n<p><strong>Professores formadores<\/strong><\/p>\n\n\n\n<p>Ministraram essa forma\u00e7\u00e3o continuada,&nbsp; os seguintes profissionais:<\/p>\n\n\n\n<p><strong>Lilia Gama da Silva P\u00f3voa<\/strong><\/p>\n\n\n\n<p>Mestranda em Educa\u00e7\u00e3o pela Universidade Federal do Tocantins (UFT). P\u00f3s-graduada em Doc\u00eancia do Ensino Superior; P\u00f3s-Graduada em Gest\u00e3o Escolar (Administra\u00e7\u00e3o e Supervis\u00e3o) pela Universidade Estadual do Piau\u00ed (2005); Licenciatura em Pedagogia pela Universidade Estadual do Piau\u00ed (2000). Profissional Coaching pelo Instituto Aurum. \u00c9 funcion\u00e1ria do Tribunal de Justi\u00e7a do Tocantins atuando como Supervisora Pedag\u00f3gica e Secret\u00e1ria Acad\u00eamica da Escola Superior da Magistratura Tocantinense (ESMAT). Atuou como professora do Curso de Pedagogia da Funda\u00e7\u00e3o Universidade do Tocantins (UNITINS) \/ Universidade Aberta do Brasil (UAB). Tem experi\u00eancia na \u00e1rea de Educa\u00e7\u00e3o como Professora do Ensino Superior, M\u00e9dio e Fundamental, Coordena\u00e7\u00e3o e Supervis\u00e3o Escolar, Elabora\u00e7\u00e3o de Projetos.<\/p>\n\n\n\n<p><strong>Marcos Irondes Coelho<\/strong><\/p>\n\n\n\n<p>Doutorando em Educa\u00e7\u00e3o na Amaz\u00f4nia e Mestre em Educa\u00e7\u00e3o pela UFT. Graduado em Pedagogia pela UNITINS. Professor da Educa\u00e7\u00e3o B\u00e1sica da SEDUC\/TO. Coordenador Estadual do Programa de Apoio \u00e0 Implementa\u00e7\u00e3o da BNCC (ProBNCC). Desempenhou as fun\u00e7\u00f5es de diretor de escola, coordenador e supervisor pedag\u00f3gico, e ainda, fun\u00e7\u00f5es de gest\u00e3o na Seduc\/TO. Vice-l\u00edder do Grupo de Estudos e Pesquisas de Curr\u00edculos Educacionais das\/para\/com Minorias Sociais Nortistas Amaz\u00f4nidas (GEPCE\/Minorias). Pesquisador da Rede Inter-regional Norte, Nordeste e Centro-Oeste sobre Doc\u00eancia na Educa\u00e7\u00e3o B\u00e1sica e Superior (RIDES). S\u00f3cio da Associa\u00e7\u00e3o Brasileira de Curr\u00edculo (ABdC). Realiza estudos e pesquisas com \u00eanfase em curr\u00edculo da educa\u00e7\u00e3o b\u00e1sica, forma\u00e7\u00e3o de professores e diversidade.<\/p>\n\n\n\n<p><strong>Ald\u00edzia&nbsp; Carneiro de Ara\u00fajo<\/strong><\/p>\n\n\n\n<p>Mestre em Educa\u00e7\u00e3o- PPGE\/UFT, Especialista em Gest\u00e3o Educacional &#8211; Metodologia do Ensino de Ci\u00eancias Humana; em Pedagogia Escolar: Supervis\u00e3o, Orienta\u00e7\u00e3o e Administra\u00e7\u00e3o; em Psicopedagogia Cl\u00ednica e Institucional e em Tecnologias Aplicadas \u00e0 Educa\u00e7\u00e3o. Graduada em Pedagogia, habilitada em Orienta\u00e7\u00e3o Educacional (ULBRA) e em Hist\u00f3ria(UFT) , membro do NEPCE\/GEpeEM\/Observat\u00f3rio de Sistemas e Planos de Educa\u00e7\u00e3o no Tocantins (ObsSPE)\/Rede MAPA; Professora da Educa\u00e7\u00e3o B\u00e1sica. Assessora T\u00e9cnica dos Sistemas e redes de ensino do Conselho Estadual de Educa\u00e7\u00e3o-TO, coordenadora de Forma\u00e7\u00e3o Continuada da Farol do Saber. Atua como Professora do Ensino Superior; Palestrante na \u00e1rea da educa\u00e7\u00e3o. Exerceu ainda a fun\u00e7\u00f5es de Orientadora Educacional, t\u00e9cnica pedag\u00f3gica do Setor Executivo de Tecnologias Aplicadas \u00e0 Educa\u00e7\u00e3o na Secretaria Estadual de Educa\u00e7\u00e3o ,Juventude e Esportes do Tocantins. Tem 25 (vinte e cinco) anos de experi\u00eancia na \u00e1rea de Educa\u00e7\u00e3o.<\/p>\n\n\n\n<figure class=\"wp-block-image\"><img decoding=\"async\" src=\"http:\/\/n1to.com.br\/img\/uploads\/2_FORMA%C3%87%C3%83O_CONTINUADA_DE_PROFESSORES_EM_TOCANTINIA.jpg\" alt=\"\"\/><\/figure>\n\n\n\n<figure class=\"wp-block-image\"><img decoding=\"async\" src=\"http:\/\/n1to.com.br\/img\/uploads\/2_A_FORMA%C3%87%C3%83O_CONTINUADA_DE_PROFESSORES_EM_TOCANTINIA.jpg\" alt=\"\"\/><\/figure>\n\n\n\n<figure class=\"wp-block-image\"><img decoding=\"async\" src=\"http:\/\/n1to.com.br\/img\/uploads\/4_FORMA%C3%87%C3%83O_CONTINUADA_DE_PROFESSORES_EM_TOCANTINIA.jpg\" alt=\"\"\/><\/figure>\n\n\n\n<figure class=\"wp-block-image\"><img decoding=\"async\" src=\"http:\/\/n1to.com.br\/img\/uploads\/5_FORMA%C3%87%C3%83O_CONTINUADA_DE_PROFESSORES_EM_TOCANTINIA.jpg\" alt=\"\"\/><\/figure>\n\n\n\n<figure class=\"wp-block-image\"><img decoding=\"async\" src=\"http:\/\/n1to.com.br\/img\/uploads\/6_FORMA%C3%87%C3%83O_CONTINUADA_DE_PROFESSORES_EM_TOCANTINIA.jpg\" alt=\"\"\/><\/figure>\n\n\n\n<figure class=\"wp-block-image\"><img decoding=\"async\" src=\"http:\/\/n1to.com.br\/img\/uploads\/7_FORMA%C3%87%C3%83O_CONTINUADA_DE_PROFESSORES_EM_TOCANTINIA.jpg\" alt=\"\"\/><\/figure>\n\n\n\n<figure class=\"wp-block-image\"><img decoding=\"async\" src=\"http:\/\/n1to.com.br\/img\/uploads\/1_FORMA%C3%87%C3%83O_CONTINUADA_DE_PROFESSORES_EM_TOCANTINIA.jpg\" alt=\"\"\/><\/figure>\n","protected":false},"excerpt":{"rendered":"<p>Por Zacarias Martins Come\u00e7ou na ter\u00e7a-feira, dia 15 e foi conclu\u00edda nesta quinta-feira, 17,&nbsp; mais uma Forma\u00e7\u00e3o Continuada dos Professores da Rede&nbsp; Municipal de Educa\u00e7\u00e3o de Tocant\u00ednia, promovida pela Prefeitura de Tocant\u00ednia, por meio da Secretaria Municipal de Educa\u00e7\u00e3o (Semed), e&nbsp; ministrada pela Empresa Farol do Saber. A abertura do evento foi&nbsp; prestigiada pelo prefeito &hellip;<\/p>\n","protected":false},"author":5,"featured_media":1408,"comment_status":"open","ping_status":"open","sticky":false,"template":"","format":"standard","meta":{"footnotes":""},"categories":[1],"tags":[],"class_list":["post-1406","post","type-post","status-publish","format-standard","has-post-thumbnail","","category-sem-categoria"],"_links":{"self":[{"href":"https:\/\/focotocantinense.com.br\/index.php?rest_route=\/wp\/v2\/posts\/1406","targetHints":{"allow":["GET"]}}],"collection":[{"href":"https:\/\/focotocantinense.com.br\/index.php?rest_route=\/wp\/v2\/posts"}],"about":[{"href":"https:\/\/focotocantinense.com.br\/index.php?rest_route=\/wp\/v2\/types\/post"}],"author":[{"embeddable":true,"href":"https:\/\/focotocantinense.com.br\/index.php?rest_route=\/wp\/v2\/users\/5"}],"replies":[{"embeddable":true,"href":"https:\/\/focotocantinense.com.br\/index.php?rest_route=%2Fwp%2Fv2%2Fcomments&post=1406"}],"version-history":[{"count":1,"href":"https:\/\/focotocantinense.com.br\/index.php?rest_route=\/wp\/v2\/posts\/1406\/revisions"}],"predecessor-version":[{"id":1407,"href":"https:\/\/focotocantinense.com.br\/index.php?rest_route=\/wp\/v2\/posts\/1406\/revisions\/1407"}],"wp:featuredmedia":[{"embeddable":true,"href":"https:\/\/focotocantinense.com.br\/index.php?rest_route=\/wp\/v2\/media\/1408"}],"wp:attachment":[{"href":"https:\/\/focotocantinense.com.br\/index.php?rest_route=%2Fwp%2Fv2%2Fmedia&parent=1406"}],"wp:term":[{"taxonomy":"category","embeddable":true,"href":"https:\/\/focotocantinense.com.br\/index.php?rest_route=%2Fwp%2Fv2%2Fcategories&post=1406"},{"taxonomy":"post_tag","embeddable":true,"href":"https:\/\/focotocantinense.com.br\/index.php?rest_route=%2Fwp%2Fv2%2Ftags&post=1406"}],"curies":[{"name":"wp","href":"https:\/\/api.w.org\/{rel}","templated":true}]}}