{"id":1402,"date":"2021-06-16T20:58:16","date_gmt":"2021-06-16T23:58:16","guid":{"rendered":"http:\/\/focotocantinense.com.br\/?p=1402"},"modified":"2021-06-16T20:59:19","modified_gmt":"2021-06-16T23:59:19","slug":"antonio-andrade-requer-melhorias-em-rodovias-das-regioes-de-parana-arraias-e-palmeirante","status":"publish","type":"post","link":"https:\/\/focotocantinense.com.br\/?p=1402","title":{"rendered":"Antonio Andrade requer melhorias em rodovias das regi\u00f5es de Paran\u00e3, Arraias e Palmeirante"},"content":{"rendered":"\n<p>A Ordem do Dia desta quarta-feira, 16, traz diversos requerimentos do presidente da Assembleia Legislativa do Tocantins (Aleto), deputado Antonio Andrade (PTB), com destaque para os pedidos de recupera\u00e7\u00e3o da malha vi\u00e1ria de diversas regi\u00f5es do Estado.<\/p>\n\n\n\n<p>Ao Departamento Nacional de Infraestrutura de Transportes \u2013 DNIT, foi solicitado o patrolamento do trecho da BR-010 entre Paran\u00e3 e o Distrito do Pr\u00edncipe, em Natividade.<\/p>\n\n\n\n<p>A Secretaria de Infraestrutura, Cidades e Habita\u00e7\u00e3o foi requerido a pavimenta\u00e7\u00e3o asf\u00e1ltica da TO-010 entre os munic\u00edpios de Palmeirante e Aragua\u00edna, e tamb\u00e9m da TO-296, no trecho entre Paran\u00e3 e Arraias.<\/p>\n\n\n\n<p>Os pedidos atendem solicita\u00e7\u00f5es dos moradores destas regi\u00f5es que v\u00eam sofrendo com as condi\u00e7\u00f5es de trafegabilidade das rodovias.<\/p>\n\n\n\n<p>Segundo Antonio Andrade, com o fim do per\u00edodo chuvoso \u00e9 o momento ideal para execu\u00e7\u00e3o dos servi\u00e7os.<\/p>\n\n\n\n<p>\u201cTemos acompanhado com aten\u00e7\u00e3o a situa\u00e7\u00e3o da malha vi\u00e1ria do Tocantins, o tema \u00e9 uma preocupa\u00e7\u00e3o de todos os parlamentares da Casa, basta ver o n\u00famero de requerimentos solicitando recupera\u00e7\u00e3o e pavimenta\u00e7\u00e3o asf\u00e1ltica. Muitos destes pedidos j\u00e1 foram atendidos, mas \u00e9 evidente a necessidade de um trabalho mais amplo. Temos levado esta preocupa\u00e7\u00e3o ao governador, Mauro Carlesse, que j\u00e1 faz um mutir\u00e3o na regi\u00e3o do Bico e prev\u00ea recuperar todas as rodovias do Tocantins,\u201d destacou Andrade.<\/p>\n\n\n\n<p><strong>Mutir\u00e3o j\u00e1 come\u00e7ou<\/strong><\/p>\n\n\n\n<p>De acordo com a Ag\u00eancia Tocantinense de Transportes e Obras (Ageto), o mutir\u00e3o come\u00e7ou no \u00faltimo dia 28. A primeira regi\u00e3o beneficiada foi o Bico do Papagaio. L\u00e1 s\u00e3o 1008 km de rodovias beneficiadas.<\/p>\n\n\n\n<p>Os servi\u00e7os s\u00e3o feitos de maneira simult\u00e2nea. Ro\u00e7agem, tapa-buracos, patrolamento, alargamento da faixa de rolamento e nos lugares em que o asfalto est\u00e1 muito prec\u00e1rio, o pavimento est\u00e1 sendo retirado e posteriormente ser\u00e1 recolocado.<\/p>\n\n\n\n<p>O programa vai beneficiar todo o Tocantins.&nbsp; A previs\u00e3o \u00e9 de que termine o Bico at\u00e9 o final da pr\u00f3xima semana e j\u00e1 des\u00e7a para a regional de Aragua\u00edna, onde 2016 km de rodovias receber\u00e3o interven\u00e7\u00f5es e assim vai seguindo at\u00e9 chegar no Sudeste.<\/p>\n\n\n\n<figure class=\"wp-block-image\"><img decoding=\"async\" src=\"https:\/\/www.al.to.leg.br\/imagens\/mini\/1130x755\/3fed5b1b307c5717235f2427cbc8c371.jpg\" alt=\"Antonio Andrade - Presidente da Aleto\"\/><\/figure>\n","protected":false},"excerpt":{"rendered":"<p>A Ordem do Dia desta quarta-feira, 16, traz diversos requerimentos do presidente da Assembleia Legislativa do Tocantins (Aleto), deputado Antonio Andrade (PTB), com destaque para os pedidos de recupera\u00e7\u00e3o da malha vi\u00e1ria de diversas regi\u00f5es do Estado. Ao Departamento Nacional de Infraestrutura de Transportes \u2013 DNIT, foi solicitado o patrolamento do trecho da BR-010 entre &hellip;<\/p>\n","protected":false},"author":5,"featured_media":1404,"comment_status":"open","ping_status":"open","sticky":false,"template":"","format":"standard","meta":{"footnotes":""},"categories":[1],"tags":[],"class_list":["post-1402","post","type-post","status-publish","format-standard","has-post-thumbnail","","category-sem-categoria"],"_links":{"self":[{"href":"https:\/\/focotocantinense.com.br\/index.php?rest_route=\/wp\/v2\/posts\/1402","targetHints":{"allow":["GET"]}}],"collection":[{"href":"https:\/\/focotocantinense.com.br\/index.php?rest_route=\/wp\/v2\/posts"}],"about":[{"href":"https:\/\/focotocantinense.com.br\/index.php?rest_route=\/wp\/v2\/types\/post"}],"author":[{"embeddable":true,"href":"https:\/\/focotocantinense.com.br\/index.php?rest_route=\/wp\/v2\/users\/5"}],"replies":[{"embeddable":true,"href":"https:\/\/focotocantinense.com.br\/index.php?rest_route=%2Fwp%2Fv2%2Fcomments&post=1402"}],"version-history":[{"count":2,"href":"https:\/\/focotocantinense.com.br\/index.php?rest_route=\/wp\/v2\/posts\/1402\/revisions"}],"predecessor-version":[{"id":1405,"href":"https:\/\/focotocantinense.com.br\/index.php?rest_route=\/wp\/v2\/posts\/1402\/revisions\/1405"}],"wp:featuredmedia":[{"embeddable":true,"href":"https:\/\/focotocantinense.com.br\/index.php?rest_route=\/wp\/v2\/media\/1404"}],"wp:attachment":[{"href":"https:\/\/focotocantinense.com.br\/index.php?rest_route=%2Fwp%2Fv2%2Fmedia&parent=1402"}],"wp:term":[{"taxonomy":"category","embeddable":true,"href":"https:\/\/focotocantinense.com.br\/index.php?rest_route=%2Fwp%2Fv2%2Fcategories&post=1402"},{"taxonomy":"post_tag","embeddable":true,"href":"https:\/\/focotocantinense.com.br\/index.php?rest_route=%2Fwp%2Fv2%2Ftags&post=1402"}],"curies":[{"name":"wp","href":"https:\/\/api.w.org\/{rel}","templated":true}]}}