{"id":1398,"date":"2021-06-16T16:06:41","date_gmt":"2021-06-16T19:06:41","guid":{"rendered":"http:\/\/focotocantinense.com.br\/?p=1398"},"modified":"2021-06-16T16:07:41","modified_gmt":"2021-06-16T19:07:41","slug":"secretario-tom-lyra-recebe-jonas-barros-advogado-gurupiense-e-um-dos-autores-do-livro-na-ponta-da-lingua-causos-coisados","status":"publish","type":"post","link":"https:\/\/focotocantinense.com.br\/?p=1398","title":{"rendered":"Secret\u00e1rio Tom Lyra recebe Jonas Barros, advogado gurupiense e um dos autores do livro \u201cNa ponta da L\u00edngua \u2013 Causos \u2018coisados\u2019\u2019"},"content":{"rendered":"\n<p>\u201cA ideia foi performar o real e contar as hist\u00f3rias de maneira l\u00fadica e c\u00f4mica\u201d, dessa forma, Jonas Barros define sua obra,&nbsp;<em>Na Ponta da L\u00edngua \u2013 Causos \u2018coisados\u2019<\/em>. O livro, escrito em parceria com o jornalista Paulo Albuquerque, e que remonta aos acontecimentos emblem\u00e1ticos ocorridos na cidade de Gurupi, foi entregue ao secret\u00e1rio da Ind\u00fastria, Com\u00e9rcio e Servi\u00e7os (Sics), Tom Lyra, na tarde dessa ter\u00e7a-feira, 15.<br><br>Citado na folha de agradecimentos, o titular da Sics demonstrou a alegria de poder receber Barros e, ainda, fez quest\u00e3o de afirmar sua admira\u00e7\u00e3o pelo escritor. \u201cAl\u00e9m de meu amigo, \u00e9 um ex\u00edmio contista. Dono de uma das mem\u00f3rias vivas do nosso Tocantins\u201d, destacou Tom Lyra.<br><br>Durante o encontro, o autor explicou que o livro surgiu da ideia de documentar os fatos e garantir que parte da mem\u00f3ria do povo tocantinense n\u00e3o se perca, contribuindo, segundo ele, para &#8220;eternizar os causos e manter a cultura viva.\u201d<br><br>Boa parte dos contos presentes na obra foram narrados por Jonas Barros. No pref\u00e1cio, o jornalista Paulo Albuquerque garante que a inten\u00e7\u00e3o do livro \u00e9 entreter o leitor e adianta que os relatos escolhidos n\u00e3o s\u00e3o retratos fi\u00e9is da hist\u00f3ria e que, portanto, tamb\u00e9m n\u00e3o h\u00e1 preocupa\u00e7\u00e3o em separ\u00e1-los conforme o tempo do acontecimento.<br><br>Com o livro em m\u00e3os, retribuindo o agradecimento registrado nas p\u00e1ginas do<em>&nbsp;\u201cNa ponta da l\u00edngua\u201d<\/em>, Tom Lyra, mais uma vez, fez quest\u00e3o de elogiar a atitude de Barros. \u201cO Brasil precisa que mais pessoas estejam motivadas a criar, inventar, produzir e fazer perpetuar aquilo que h\u00e1 de mais bonito no mundo: a hist\u00f3ria do nosso povo\u201d, finalizou.<img decoding=\"async\" src=\"https:\/\/central.to.gov.br\/image\/248258?w=565&amp;h=349\">                                                       Secret\u00e1rio Tom Lyra recebe exemplar do livro Na ponta da l\u00edngua &#8211; Causos &#8220;coisados&#8221; <\/p>\n","protected":false},"excerpt":{"rendered":"<p>\u201cA ideia foi performar o real e contar as hist\u00f3rias de maneira l\u00fadica e c\u00f4mica\u201d, dessa forma, Jonas Barros define sua obra,&nbsp;Na Ponta da L\u00edngua \u2013 Causos \u2018coisados\u2019. O livro, escrito em parceria com o jornalista Paulo Albuquerque, e que remonta aos acontecimentos emblem\u00e1ticos ocorridos na cidade de Gurupi, foi entregue ao secret\u00e1rio da Ind\u00fastria, &hellip;<\/p>\n","protected":false},"author":5,"featured_media":1400,"comment_status":"open","ping_status":"open","sticky":false,"template":"","format":"standard","meta":{"footnotes":""},"categories":[1],"tags":[],"class_list":["post-1398","post","type-post","status-publish","format-standard","has-post-thumbnail","","category-sem-categoria"],"_links":{"self":[{"href":"https:\/\/focotocantinense.com.br\/index.php?rest_route=\/wp\/v2\/posts\/1398","targetHints":{"allow":["GET"]}}],"collection":[{"href":"https:\/\/focotocantinense.com.br\/index.php?rest_route=\/wp\/v2\/posts"}],"about":[{"href":"https:\/\/focotocantinense.com.br\/index.php?rest_route=\/wp\/v2\/types\/post"}],"author":[{"embeddable":true,"href":"https:\/\/focotocantinense.com.br\/index.php?rest_route=\/wp\/v2\/users\/5"}],"replies":[{"embeddable":true,"href":"https:\/\/focotocantinense.com.br\/index.php?rest_route=%2Fwp%2Fv2%2Fcomments&post=1398"}],"version-history":[{"count":2,"href":"https:\/\/focotocantinense.com.br\/index.php?rest_route=\/wp\/v2\/posts\/1398\/revisions"}],"predecessor-version":[{"id":1401,"href":"https:\/\/focotocantinense.com.br\/index.php?rest_route=\/wp\/v2\/posts\/1398\/revisions\/1401"}],"wp:featuredmedia":[{"embeddable":true,"href":"https:\/\/focotocantinense.com.br\/index.php?rest_route=\/wp\/v2\/media\/1400"}],"wp:attachment":[{"href":"https:\/\/focotocantinense.com.br\/index.php?rest_route=%2Fwp%2Fv2%2Fmedia&parent=1398"}],"wp:term":[{"taxonomy":"category","embeddable":true,"href":"https:\/\/focotocantinense.com.br\/index.php?rest_route=%2Fwp%2Fv2%2Fcategories&post=1398"},{"taxonomy":"post_tag","embeddable":true,"href":"https:\/\/focotocantinense.com.br\/index.php?rest_route=%2Fwp%2Fv2%2Ftags&post=1398"}],"curies":[{"name":"wp","href":"https:\/\/api.w.org\/{rel}","templated":true}]}}