{"id":1394,"date":"2021-06-15T08:26:29","date_gmt":"2021-06-15T11:26:29","guid":{"rendered":"http:\/\/focotocantinense.com.br\/?p=1394"},"modified":"2021-06-15T19:23:30","modified_gmt":"2021-06-15T22:23:30","slug":"professores-e-profissionais-da-educacao-de-tocantinia-comecam-a-ser-vacinados","status":"publish","type":"post","link":"https:\/\/focotocantinense.com.br\/?p=1394","title":{"rendered":"Professores e profissionais da educa\u00e7\u00e3o de Tocant\u00ednia come\u00e7am a ser vacinados"},"content":{"rendered":"\n<p><strong>Por Leontina Martins<\/strong><\/p>\n\n\n\n<p>Come\u00e7ou nesta segunda-feira (14) a vacina\u00e7\u00e3o contra a Covid-19 para&nbsp; professores e demais profissionais da educa\u00e7\u00e3o de Tocant\u00ednia. Ao todo, segundo o secret\u00e1rio de Educa\u00e7\u00e3o do munic\u00edpio, Andr\u00e9 Goveia, h\u00e1 uma previs\u00e3o de serem vacinados com o imunizante, cerca de 149 profissionais dessa \u00e1rea.<\/p>\n\n\n\n<p>Andr\u00e9 Goveia explicou que os professores da zona urbana est\u00e3o sendo vacinados na Unidade B\u00e1sica de Sa\u00fade Dr. Quincas. J\u00e1 os da \u00e1rea rural ser\u00e3o vacinados na Unidade B\u00e1sica de Sa\u00fade Dr. Osvaldo, localizada no Assentamento \u00c1gua Fria 2.<\/p>\n\n\n\n<p>\u201cPor meio da imuniza\u00e7\u00e3o efetuada nesta nova etapa com a aplica\u00e7\u00e3o da vacina nos servidores da Rede Municipal de Educa\u00e7\u00e3o, a Semed garantir\u00e1 mais prote\u00e7\u00e3o na execu\u00e7\u00e3o dos servi\u00e7os realizados nas unidades de ensino, bem como garantir uma maior seguran\u00e7a aos estudantes da zona urbana e rural do munic\u00edpio de Tocant\u00ednia\u201d, afirmou o secret\u00e1rio Andr\u00e9 Goveia.<\/p>\n\n\n\n<figure class=\"wp-block-image\"><img decoding=\"async\" src=\"https:\/\/www.agenciatocantins.com.br\/images\/noticias\/23478\/23d13c8265e666c6352d58e2f3ee8b34.jpg\" alt=\"Professores e profissionais da educa\u00e7\u00e3o de Tocant\u00ednia come\u00e7am a ser vacinados\"\/><\/figure>\n\n\n\n<figure class=\"wp-block-image\"><img decoding=\"async\" src=\"https:\/\/www.n1to.com.br\/img\/cache\/800x400\/80\/crop\/Imagem-c34ec7002ac09aac2ebac15975f170c7.jpg\" alt=\"\"\/><\/figure>\n","protected":false},"excerpt":{"rendered":"<p>Por Leontina Martins Come\u00e7ou nesta segunda-feira (14) a vacina\u00e7\u00e3o contra a Covid-19 para&nbsp; professores e demais profissionais da educa\u00e7\u00e3o de Tocant\u00ednia. Ao todo, segundo o secret\u00e1rio de Educa\u00e7\u00e3o do munic\u00edpio, Andr\u00e9 Goveia, h\u00e1 uma previs\u00e3o de serem vacinados com o imunizante, cerca de 149 profissionais dessa \u00e1rea. Andr\u00e9 Goveia explicou que os professores da zona &hellip;<\/p>\n","protected":false},"author":5,"featured_media":1396,"comment_status":"open","ping_status":"open","sticky":true,"template":"","format":"standard","meta":{"footnotes":""},"categories":[1],"tags":[],"class_list":["post-1394","post","type-post","status-publish","format-standard","has-post-thumbnail","","category-sem-categoria"],"_links":{"self":[{"href":"https:\/\/focotocantinense.com.br\/index.php?rest_route=\/wp\/v2\/posts\/1394","targetHints":{"allow":["GET"]}}],"collection":[{"href":"https:\/\/focotocantinense.com.br\/index.php?rest_route=\/wp\/v2\/posts"}],"about":[{"href":"https:\/\/focotocantinense.com.br\/index.php?rest_route=\/wp\/v2\/types\/post"}],"author":[{"embeddable":true,"href":"https:\/\/focotocantinense.com.br\/index.php?rest_route=\/wp\/v2\/users\/5"}],"replies":[{"embeddable":true,"href":"https:\/\/focotocantinense.com.br\/index.php?rest_route=%2Fwp%2Fv2%2Fcomments&post=1394"}],"version-history":[{"count":2,"href":"https:\/\/focotocantinense.com.br\/index.php?rest_route=\/wp\/v2\/posts\/1394\/revisions"}],"predecessor-version":[{"id":1397,"href":"https:\/\/focotocantinense.com.br\/index.php?rest_route=\/wp\/v2\/posts\/1394\/revisions\/1397"}],"wp:featuredmedia":[{"embeddable":true,"href":"https:\/\/focotocantinense.com.br\/index.php?rest_route=\/wp\/v2\/media\/1396"}],"wp:attachment":[{"href":"https:\/\/focotocantinense.com.br\/index.php?rest_route=%2Fwp%2Fv2%2Fmedia&parent=1394"}],"wp:term":[{"taxonomy":"category","embeddable":true,"href":"https:\/\/focotocantinense.com.br\/index.php?rest_route=%2Fwp%2Fv2%2Fcategories&post=1394"},{"taxonomy":"post_tag","embeddable":true,"href":"https:\/\/focotocantinense.com.br\/index.php?rest_route=%2Fwp%2Fv2%2Ftags&post=1394"}],"curies":[{"name":"wp","href":"https:\/\/api.w.org\/{rel}","templated":true}]}}