{"id":1390,"date":"2021-06-12T17:23:49","date_gmt":"2021-06-12T20:23:49","guid":{"rendered":"http:\/\/focotocantinense.com.br\/?p=1390"},"modified":"2021-06-12T17:25:04","modified_gmt":"2021-06-12T20:25:04","slug":"valmir-da-auto-escola-continua-com-o-seu-trabalho-social-em-lagoa-da-confusao","status":"publish","type":"post","link":"https:\/\/focotocantinense.com.br\/?p=1390","title":{"rendered":"Valmir da Auto Escola continua com o seu trabalho social em Lagoa da Confus\u00e3o"},"content":{"rendered":"\n<p>Dando sequ\u00eancia a um trabalho volunt\u00e1rio realizado todo os meses, buscando minimizar os problemas que passam muitas fam\u00edlias em vulnerabilidade social e que residem no munic\u00edpio de Lagoa da Confus\u00e3o, o empres\u00e1rio Valmir Cardoso, mais conhecido como Valmir da&nbsp; Auto Escola, continua fazendo um trabalho louv\u00e1vel de mobiliza\u00e7\u00e3o junto a alguns parceiros e adquirindo cestas b\u00e1sicas &nbsp;que s\u00e3o doadas \u00e0 essas fam\u00edlias.<\/p>\n\n\n\n<p>Neste fim de semana v\u00e1rias fam\u00edlias carentes do Setor Balne\u00e1rio e do Setor Novo Jardim\/Burac\u00e3o foram contempladas com as cestas b\u00e1sicas doadas pelo Valmir da Autor Escola.<\/p>\n\n\n\n<p>\u201c\u00c9 um trabalho de formiguinha, eu sei, por\u00e9m, estou fazendo a minha pat\u00ea para, pelo menos, minimizar um pouco o sofrimento dessas fam\u00edlias que passam por dificuldade alimentar, especialmente, neste momento de&nbsp; pandemia em que vivemos\u201d, afirmou Valmir.<\/p>\n\n\n\n<figure class=\"wp-block-image\"><img decoding=\"async\" src=\"https:\/\/www.n1to.com.br\/img\/cache\/800x400\/80\/crop\/Imagem-025be3e61da16a759f4bb28ce48e49a3.jpg\" alt=\"\"\/><\/figure>\n","protected":false},"excerpt":{"rendered":"<p>Dando sequ\u00eancia a um trabalho volunt\u00e1rio realizado todo os meses, buscando minimizar os problemas que passam muitas fam\u00edlias em vulnerabilidade social e que residem no munic\u00edpio de Lagoa da Confus\u00e3o, o empres\u00e1rio Valmir Cardoso, mais conhecido como Valmir da&nbsp; Auto Escola, continua fazendo um trabalho louv\u00e1vel de mobiliza\u00e7\u00e3o junto a alguns parceiros e adquirindo cestas &hellip;<\/p>\n","protected":false},"author":5,"featured_media":1392,"comment_status":"open","ping_status":"open","sticky":true,"template":"","format":"standard","meta":{"footnotes":""},"categories":[1],"tags":[],"class_list":["post-1390","post","type-post","status-publish","format-standard","has-post-thumbnail","","category-sem-categoria"],"_links":{"self":[{"href":"https:\/\/focotocantinense.com.br\/index.php?rest_route=\/wp\/v2\/posts\/1390","targetHints":{"allow":["GET"]}}],"collection":[{"href":"https:\/\/focotocantinense.com.br\/index.php?rest_route=\/wp\/v2\/posts"}],"about":[{"href":"https:\/\/focotocantinense.com.br\/index.php?rest_route=\/wp\/v2\/types\/post"}],"author":[{"embeddable":true,"href":"https:\/\/focotocantinense.com.br\/index.php?rest_route=\/wp\/v2\/users\/5"}],"replies":[{"embeddable":true,"href":"https:\/\/focotocantinense.com.br\/index.php?rest_route=%2Fwp%2Fv2%2Fcomments&post=1390"}],"version-history":[{"count":2,"href":"https:\/\/focotocantinense.com.br\/index.php?rest_route=\/wp\/v2\/posts\/1390\/revisions"}],"predecessor-version":[{"id":1393,"href":"https:\/\/focotocantinense.com.br\/index.php?rest_route=\/wp\/v2\/posts\/1390\/revisions\/1393"}],"wp:featuredmedia":[{"embeddable":true,"href":"https:\/\/focotocantinense.com.br\/index.php?rest_route=\/wp\/v2\/media\/1392"}],"wp:attachment":[{"href":"https:\/\/focotocantinense.com.br\/index.php?rest_route=%2Fwp%2Fv2%2Fmedia&parent=1390"}],"wp:term":[{"taxonomy":"category","embeddable":true,"href":"https:\/\/focotocantinense.com.br\/index.php?rest_route=%2Fwp%2Fv2%2Fcategories&post=1390"},{"taxonomy":"post_tag","embeddable":true,"href":"https:\/\/focotocantinense.com.br\/index.php?rest_route=%2Fwp%2Fv2%2Ftags&post=1390"}],"curies":[{"name":"wp","href":"https:\/\/api.w.org\/{rel}","templated":true}]}}