{"id":1383,"date":"2021-06-11T20:08:59","date_gmt":"2021-06-11T23:08:59","guid":{"rendered":"http:\/\/focotocantinense.com.br\/?p=1383"},"modified":"2021-06-12T07:47:36","modified_gmt":"2021-06-12T10:47:36","slug":"vereador-delegado-tiago-defende-melhorias-na-pista-de-skate-de-tocantinopolis","status":"publish","type":"post","link":"https:\/\/focotocantinense.com.br\/?p=1383","title":{"rendered":"Vereador Delegado Tiago defende melhorias na pista de skate de Tocantin\u00f3polis"},"content":{"rendered":"\n<p><strong><em>Por Zacarias Martins&nbsp;<\/em><\/strong><\/p>\n\n\n\n<p>A C\u00e2mara Municipal de Tocantin\u00f3polis, aprovou, por unanimidade, o requerimento de autoria do vereador Delegado Tiago, onde solicita ao Poder&nbsp; Executivo Municipal para que sejam tomadas todas as &nbsp;provid\u00eancias visando a revitaliza\u00e7\u00e3o da pista de skate da cidade.<\/p>\n\n\n\n<p>O vereador argumenta que tomou a iniciativa de apresentar esse requerimento, &nbsp;porque entende que a pista que a cidade tem deve ser reestruturada e ampliada para atender a uma justa e oportuna reivindica\u00e7\u00e3o dos praticantes desse esporte em Tocantin\u00f3polis<\/p>\n\n\n\n<p>\u201cEu acredito que o esporte faz transformar a vida das pessoas, assim como aconteceu com a skatista Rayssa Leal, de Imperatriz (MA), que ficou\u00a0 conhecida nacionalmente como a &#8220;<a href=\"https:\/\/esportes.r7.com\/olimpiadas\/rayssa-leal-de-13-anos-fica-com-bronze-no-mundial-de-skate-street-06062021\" data-type=\"URL\" data-id=\"https:\/\/esportes.r7.com\/olimpiadas\/rayssa-leal-de-13-anos-fica-com-bronze-no-mundial-de-skate-street-06062021\">Fadinha do Skate<\/a>&#8220;, \u00a0que esteve em Tocantin\u00f3polis nos dois campeonatos realizados na cidade, em \u00a02017 e 2018 e que no \u00faltimo fim de semana, garantiu uma vaga para\u00a0 representar o Brasil nas Olimp\u00edadas de Tokyo, no Jap\u00e3o, com apenas 13 anos e que representa uma das maiores esperan\u00e7as de medalhas\u00a0 nessa olimp\u00edada\u201d, afirmou Delegado Tiago.<\/p>\n\n\n\n<p>Ainda, de acordo com o vereador, assim como o skate transformou a vida da Rayssa e de toda a fam\u00edlia dela, isso pode tamb\u00e9m acontecer com os jovens de Tocantin\u00f3polis<\/p>\n\n\n\n<p>\u201cUma pista mais ampla e com novos obst\u00e1culos pode garantir um espa\u00e7o mais adequado e confort\u00e1vel para os praticantes desse esporte na cidade\u201d, finalizou&nbsp; o vereador delegado Tiago.<\/p>\n\n\n\n<figure class=\"wp-block-image\"><img decoding=\"async\" src=\"http:\/\/n1to.com.br\/img\/uploads\/3_O_SKATE_EM_A%C3%87%C3%83O.jpg\" alt=\"\"\/><\/figure>\n\n\n\n<figure class=\"wp-block-image\"><img decoding=\"async\" src=\"http:\/\/n1to.com.br\/img\/uploads\/2_-_Vereador_TDelegado_Tiago_Daniel_com_a_Fadinha_do_Skate_-_Foto_divulga%C3%A7%C3%A3o.jpg\" alt=\"\"\/><\/figure>\n","protected":false},"excerpt":{"rendered":"<p>Por Zacarias Martins&nbsp; A C\u00e2mara Municipal de Tocantin\u00f3polis, aprovou, por unanimidade, o requerimento de autoria do vereador Delegado Tiago, onde solicita ao Poder&nbsp; Executivo Municipal para que sejam tomadas todas as &nbsp;provid\u00eancias visando a revitaliza\u00e7\u00e3o da pista de skate da cidade. O vereador argumenta que tomou a iniciativa de apresentar esse requerimento, &nbsp;porque entende que &hellip;<\/p>\n","protected":false},"author":5,"featured_media":1387,"comment_status":"open","ping_status":"open","sticky":true,"template":"","format":"standard","meta":{"footnotes":""},"categories":[1],"tags":[],"class_list":["post-1383","post","type-post","status-publish","format-standard","has-post-thumbnail","","category-sem-categoria"],"_links":{"self":[{"href":"https:\/\/focotocantinense.com.br\/index.php?rest_route=\/wp\/v2\/posts\/1383","targetHints":{"allow":["GET"]}}],"collection":[{"href":"https:\/\/focotocantinense.com.br\/index.php?rest_route=\/wp\/v2\/posts"}],"about":[{"href":"https:\/\/focotocantinense.com.br\/index.php?rest_route=\/wp\/v2\/types\/post"}],"author":[{"embeddable":true,"href":"https:\/\/focotocantinense.com.br\/index.php?rest_route=\/wp\/v2\/users\/5"}],"replies":[{"embeddable":true,"href":"https:\/\/focotocantinense.com.br\/index.php?rest_route=%2Fwp%2Fv2%2Fcomments&post=1383"}],"version-history":[{"count":2,"href":"https:\/\/focotocantinense.com.br\/index.php?rest_route=\/wp\/v2\/posts\/1383\/revisions"}],"predecessor-version":[{"id":1389,"href":"https:\/\/focotocantinense.com.br\/index.php?rest_route=\/wp\/v2\/posts\/1383\/revisions\/1389"}],"wp:featuredmedia":[{"embeddable":true,"href":"https:\/\/focotocantinense.com.br\/index.php?rest_route=\/wp\/v2\/media\/1387"}],"wp:attachment":[{"href":"https:\/\/focotocantinense.com.br\/index.php?rest_route=%2Fwp%2Fv2%2Fmedia&parent=1383"}],"wp:term":[{"taxonomy":"category","embeddable":true,"href":"https:\/\/focotocantinense.com.br\/index.php?rest_route=%2Fwp%2Fv2%2Fcategories&post=1383"},{"taxonomy":"post_tag","embeddable":true,"href":"https:\/\/focotocantinense.com.br\/index.php?rest_route=%2Fwp%2Fv2%2Ftags&post=1383"}],"curies":[{"name":"wp","href":"https:\/\/api.w.org\/{rel}","templated":true}]}}