{"id":1379,"date":"2021-06-10T12:45:55","date_gmt":"2021-06-10T15:45:55","guid":{"rendered":"http:\/\/focotocantinense.com.br\/?p=1379"},"modified":"2021-06-10T12:48:45","modified_gmt":"2021-06-10T15:48:45","slug":"gurupi-realiza-semana-de-conscientizacao-e-combate-a-violencia-contra-pessoa-idosa","status":"publish","type":"post","link":"https:\/\/focotocantinense.com.br\/?p=1379","title":{"rendered":"Gurupi realiza Semana de Conscientiza\u00e7\u00e3o e Combate \u00e0 Viol\u00eancia contra pessoa idosa"},"content":{"rendered":"\n<p>Junho \u00e9 o m\u00eas dedicado \u00e0 reflex\u00e3o sobre o combate \u00e0 viol\u00eancia contra a pessoa idosa, conhecido como \u201cJunho Violeta\u201d. Conforme dados do Disque 100, nos primeiros meses deste ano, foram registrados, em todo o pa\u00eds, mais de 33,6 mil casos de viola\u00e7\u00f5es de direitos humanos contra o idoso.<\/p>\n\n\n\n<p>Para refletir sobre o zelo \u00e0 pessoa idosa e combate \u00e0 viol\u00eancia, a Prefeitura de Gurupi, por meio da Secretaria Municipal do Idoso, promove de maneira online a 1\u00ba Semana Municipal de Conscientiza\u00e7\u00e3o e Combate \u00e0 Viol\u00eancia Contra a Pessoa Idosa, que ser\u00e1 realizada nos dias 15, 16 e 17, sempre a partir das 20 horas.<\/p>\n\n\n\n<p>O encontro ter\u00e1 como mediador o Diretor Municipal do Idoso Vin\u00edcius Martins, e os palestrantes Dr. Crism\u00e9dio Costa, gerontologista, fundador do Movimento Vidas Idosas Importam, de Macei\u00f3 (AL); Karem Melissa, Psic\u00f3loga da Sa\u00fade Cl\u00ednica, com especializa\u00e7\u00e3o em Atendimento Cl\u00ednico e Sofrimento Ps\u00edquico (Aragua\u00edna &#8211; TO) e Wylker Saraiva, Mestre em Educa\u00e7\u00e3o F\u00edsica (Gurupi &#8211; TO).<\/p>\n\n\n\n<p>A transmiss\u00e3o ocorrer\u00e1 ao vivo pelo canal do Google Meat. Os interessados em participar e contribuir com a discuss\u00e3o podem acessar este link:&nbsp;<a href=\"https:\/\/meet.google.com\/ufd-wsbq-avs\">https:\/\/meet.google.com\/ufd-wsbq-avs<\/a>&nbsp;.&nbsp;&nbsp;&nbsp;<\/p>\n\n\n\n<p>Segundo o Diretor Municipal do Idoso, Vin\u00edcius Martins, as a\u00e7\u00f5es estrat\u00e9gicas desenvolvidas pela Secretaria visam buscar melhorias para a qualidade de vida da pessoa idosa, e a Semana de Combate \u00e9 uma forma de sensibilizar e diminuir os \u00edndices de viol\u00eancia contra os idosos em Gurupi.<\/p>\n\n\n\n<p>\u201cA nossa gest\u00e3o tem um olhar diferenciado ao lado humano, principalmente, aos idosos de Gurupi. Nosso respeito para aqueles que ajudaram nossa cidade a ser refer\u00eancia econ\u00f4mica, cultural e tur\u00edstica do Estado, nossa marca \u00e9 o cuidado e prote\u00e7\u00e3o dos idosos\u201d, disse o secret\u00e1rio do Idoso, Gleydson Nato.&nbsp;<\/p>\n\n\n\n<p><strong>Programa\u00e7\u00e3o completa<\/strong><\/p>\n\n\n\n<p><strong>15\/06 \u2013 20h<\/strong>&nbsp;\u2013 Abertura da 1\u00aa Semana Municipal de Conscientiza\u00e7\u00e3o e Combate \u00e0 Viol\u00eancia Contra a Pessoa Idosa, tema: Combate a Viol\u00eancia Contra a Pessoa Idosa.<\/p>\n\n\n\n<p>Bate-Papo com o Dr. Crism\u00e9dio Costa, Gerontologista, fundador do Movimento Vidas Idosas Importam, Membro da Sociedade Brasileira de Geriatria e Gerontologia &#8211; SBGG. Atuou como conselheiro do Conselho Nacional dos Direitos da Pessoa Idosa entre 2014 e 2018. (Macei\u00f3 &#8211; AL)<\/p>\n\n\n\n<p><strong>16\/06 &#8211; 20h<\/strong>&nbsp;\u2013 Semana Municipal de Conscientiza\u00e7\u00e3o e Combate \u00e0 Viol\u00eancia Contra a Pessoa Idosa, tema: Sa\u00fade Metal.<\/p>\n\n\n\n<p>Bate-Papo com Karem Melissa, Psic\u00f3loga da Sa\u00fade Cl\u00ednica, com especializa\u00e7\u00e3o em Atendimento Cl\u00ednico e Sofrimento Ps\u00edquico (Aragua\u00edna &#8211; TO)<\/p>\n\n\n\n<p><strong>17\/06 &#8211; 20h<\/strong>&nbsp;\u2013 Semana Municipal de Conscientiza\u00e7\u00e3o e Combate \u00e0 Viol\u00eancia Contra a Pessoa Idosa, tema: Capacidade Funcional em Idosos.<\/p>\n\n\n\n<p>Bate-Papo com Wylker Saraiva, Mestre em Educa\u00e7\u00e3o F\u00edsica (Gurupi &#8211; TO).<\/p>\n\n\n\n<p><strong>Junho Violeta<\/strong><\/p>\n\n\n\n<p>Este m\u00eas, em refer\u00eancia ao Dia Mundial de Conscientiza\u00e7\u00e3o da Viol\u00eancia Contra a Pessoa Idosa, celebrado no dia 15, \u00e9 realizada a campanha nacional de enfrentamento \u00e0 Viol\u00eancia contra a Pessoa Idosa, que integra as a\u00e7\u00f5es do \u201cJunho Violeta\u201d, evento de mobiliza\u00e7\u00e3o da sociedade para a prote\u00e7\u00e3o das pessoas com 60 anos de idade ou mais.<\/p>\n\n\n\n<figure class=\"wp-block-image\"><img decoding=\"async\" src=\"https:\/\/www.n1to.com.br\/img\/cache\/800x400\/80\/crop\/Imagem-94aaefe030fcfdb150adf899e875add2.jpg\" alt=\"\"\/><\/figure>\n","protected":false},"excerpt":{"rendered":"<p>Junho \u00e9 o m\u00eas dedicado \u00e0 reflex\u00e3o sobre o combate \u00e0 viol\u00eancia contra a pessoa idosa, conhecido como \u201cJunho Violeta\u201d. Conforme dados do Disque 100, nos primeiros meses deste ano, foram registrados, em todo o pa\u00eds, mais de 33,6 mil casos de viola\u00e7\u00f5es de direitos humanos contra o idoso. Para refletir sobre o zelo \u00e0 &hellip;<\/p>\n","protected":false},"author":5,"featured_media":1382,"comment_status":"open","ping_status":"open","sticky":true,"template":"","format":"standard","meta":{"footnotes":""},"categories":[1],"tags":[],"class_list":["post-1379","post","type-post","status-publish","format-standard","has-post-thumbnail","","category-sem-categoria"],"_links":{"self":[{"href":"https:\/\/focotocantinense.com.br\/index.php?rest_route=\/wp\/v2\/posts\/1379","targetHints":{"allow":["GET"]}}],"collection":[{"href":"https:\/\/focotocantinense.com.br\/index.php?rest_route=\/wp\/v2\/posts"}],"about":[{"href":"https:\/\/focotocantinense.com.br\/index.php?rest_route=\/wp\/v2\/types\/post"}],"author":[{"embeddable":true,"href":"https:\/\/focotocantinense.com.br\/index.php?rest_route=\/wp\/v2\/users\/5"}],"replies":[{"embeddable":true,"href":"https:\/\/focotocantinense.com.br\/index.php?rest_route=%2Fwp%2Fv2%2Fcomments&post=1379"}],"version-history":[{"count":1,"href":"https:\/\/focotocantinense.com.br\/index.php?rest_route=\/wp\/v2\/posts\/1379\/revisions"}],"predecessor-version":[{"id":1380,"href":"https:\/\/focotocantinense.com.br\/index.php?rest_route=\/wp\/v2\/posts\/1379\/revisions\/1380"}],"wp:featuredmedia":[{"embeddable":true,"href":"https:\/\/focotocantinense.com.br\/index.php?rest_route=\/wp\/v2\/media\/1382"}],"wp:attachment":[{"href":"https:\/\/focotocantinense.com.br\/index.php?rest_route=%2Fwp%2Fv2%2Fmedia&parent=1379"}],"wp:term":[{"taxonomy":"category","embeddable":true,"href":"https:\/\/focotocantinense.com.br\/index.php?rest_route=%2Fwp%2Fv2%2Fcategories&post=1379"},{"taxonomy":"post_tag","embeddable":true,"href":"https:\/\/focotocantinense.com.br\/index.php?rest_route=%2Fwp%2Fv2%2Ftags&post=1379"}],"curies":[{"name":"wp","href":"https:\/\/api.w.org\/{rel}","templated":true}]}}