{"id":1372,"date":"2021-06-08T22:35:07","date_gmt":"2021-06-09T01:35:07","guid":{"rendered":"http:\/\/focotocantinense.com.br\/?p=1372"},"modified":"2021-06-08T23:13:23","modified_gmt":"2021-06-09T02:13:23","slug":"vereador-delegado-tiago-defende-a-implantacao-de-base-do-corpo-de-bombeiros-em-tocantinopolis","status":"publish","type":"post","link":"https:\/\/focotocantinense.com.br\/?p=1372","title":{"rendered":"Vereador Delegado Tiago defende a implanta\u00e7\u00e3o de Base do Corpo de Bombeiros em Tocantin\u00f3polis"},"content":{"rendered":"\n<p>Na sess\u00e3o da C\u00e2mara Municipal de Tocantin\u00f3polis realizada na noite desta ter\u00e7a-feira (8), foi aprovado o&nbsp; requerimento de autoria do vereador Delegado Tiago &nbsp;(PTB), onde solicita que seja oficiado ao Coronel&nbsp; Leandro da Silva, Comandante&nbsp; Geral do Corpo de&nbsp; Bombeiros Militar do Tocantins, para que&nbsp; que verifique a possibilidade de desenvolver estudos visando a cria\u00e7\u00e3o e instala\u00e7\u00e3o&nbsp; de uma Base do Corpo de Bombeiros Militar no munic\u00edpio de Tocantin\u00f3polis.<\/p>\n\n\n\n<p>O vereador Argumentou que a&nbsp; &nbsp;cria\u00e7\u00e3o e instala\u00e7\u00e3o&nbsp; de uma Base do Corpo de Bombeiros Militar no munic\u00edpio de Tocantin\u00f3polis, visa atender a uma justa e oportuna reivindica\u00e7\u00e3o da comunidade tocantinopolina, em especial,&nbsp; dos comerciantes que anseiam para que&nbsp;&nbsp; que seja uma realidade, o que, certamente, ir\u00e1 contribuir para aumentar&nbsp; a sensa\u00e7\u00e3o de seguran\u00e7a, j\u00e1 que&nbsp; passariam a contar&nbsp; com&nbsp; uma equipe desses profissionais que desenvolvem um relevante servi\u00e7o.<\/p>\n\n\n\n<p>\u201cNo caso de inc\u00eandio de grandes propor\u00e7\u00f5es, por exemplo, ficamos na depend\u00eancia do Corpo de Bombeiros sediado em &nbsp;Araguatins, distante&nbsp; cerca de &nbsp;170 quil\u00f4metros de nossa cidade. Conv\u00e9m lembrar que&nbsp; essa base atenderia al\u00e9m de Tocantin\u00f3polis, tamb\u00e9m, os munic\u00edpios circunvizinhos\u201d, justificou o vereador Delegado Tiago.<\/p>\n\n\n\n<figure class=\"wp-block-image is-resized\"><img loading=\"lazy\" decoding=\"async\" src=\"https:\/\/www.jornalcocktail.com.br\/images\/noticias\/1950\/a31194f5762905860ca4e4c3aa1528fd.jpg\" alt=\"\" width=\"647\" height=\"498\"\/><figcaption><strong>Vereador  Delegado Tiago, autor da proposta.<\/strong><\/figcaption><\/figure>\n","protected":false},"excerpt":{"rendered":"<p>Na sess\u00e3o da C\u00e2mara Municipal de Tocantin\u00f3polis realizada na noite desta ter\u00e7a-feira (8), foi aprovado o&nbsp; requerimento de autoria do vereador Delegado Tiago &nbsp;(PTB), onde solicita que seja oficiado ao Coronel&nbsp; Leandro da Silva, Comandante&nbsp; Geral do Corpo de&nbsp; Bombeiros Militar do Tocantins, para que&nbsp; que verifique a possibilidade de desenvolver estudos visando a cria\u00e7\u00e3o &hellip;<\/p>\n","protected":false},"author":5,"featured_media":1376,"comment_status":"open","ping_status":"open","sticky":true,"template":"","format":"standard","meta":{"footnotes":""},"categories":[1],"tags":[],"class_list":["post-1372","post","type-post","status-publish","format-standard","has-post-thumbnail","","category-sem-categoria"],"_links":{"self":[{"href":"https:\/\/focotocantinense.com.br\/index.php?rest_route=\/wp\/v2\/posts\/1372","targetHints":{"allow":["GET"]}}],"collection":[{"href":"https:\/\/focotocantinense.com.br\/index.php?rest_route=\/wp\/v2\/posts"}],"about":[{"href":"https:\/\/focotocantinense.com.br\/index.php?rest_route=\/wp\/v2\/types\/post"}],"author":[{"embeddable":true,"href":"https:\/\/focotocantinense.com.br\/index.php?rest_route=\/wp\/v2\/users\/5"}],"replies":[{"embeddable":true,"href":"https:\/\/focotocantinense.com.br\/index.php?rest_route=%2Fwp%2Fv2%2Fcomments&post=1372"}],"version-history":[{"count":3,"href":"https:\/\/focotocantinense.com.br\/index.php?rest_route=\/wp\/v2\/posts\/1372\/revisions"}],"predecessor-version":[{"id":1378,"href":"https:\/\/focotocantinense.com.br\/index.php?rest_route=\/wp\/v2\/posts\/1372\/revisions\/1378"}],"wp:featuredmedia":[{"embeddable":true,"href":"https:\/\/focotocantinense.com.br\/index.php?rest_route=\/wp\/v2\/media\/1376"}],"wp:attachment":[{"href":"https:\/\/focotocantinense.com.br\/index.php?rest_route=%2Fwp%2Fv2%2Fmedia&parent=1372"}],"wp:term":[{"taxonomy":"category","embeddable":true,"href":"https:\/\/focotocantinense.com.br\/index.php?rest_route=%2Fwp%2Fv2%2Fcategories&post=1372"},{"taxonomy":"post_tag","embeddable":true,"href":"https:\/\/focotocantinense.com.br\/index.php?rest_route=%2Fwp%2Fv2%2Ftags&post=1372"}],"curies":[{"name":"wp","href":"https:\/\/api.w.org\/{rel}","templated":true}]}}