{"id":1369,"date":"2021-06-08T18:58:46","date_gmt":"2021-06-08T21:58:46","guid":{"rendered":"http:\/\/focotocantinense.com.br\/?p=1369"},"modified":"2021-06-08T18:59:53","modified_gmt":"2021-06-08T21:59:53","slug":"primeiro-plantao-pedagogico-de-tocantinia-acontece-nesta-quinta-feira-10","status":"publish","type":"post","link":"https:\/\/focotocantinense.com.br\/?p=1369","title":{"rendered":"Primeiro Plant\u00e3o Pedag\u00f3gico de Tocant\u00ednia acontece nesta quinta-feira, 10"},"content":{"rendered":"\n<p><strong>Por Zacarias Martins<\/strong><\/p>\n\n\n\n<p>Nesta quinta-feira, dia 10 de junho, ocorrer\u00e1 o Primeiro Plant\u00e3o Pedag\u00f3gico Virtual da Rede Municipal de Educa\u00e7\u00e3o de Tocant\u00ednia.<\/p>\n\n\n\n<p>O secret\u00e1rio de Educa\u00e7\u00e3o de Tocant\u00ednia, Andr\u00e9 Goveia, explica que nesse dia, todas as Unidades Escolares do munic\u00edpio estar\u00e3o durante todo o dia, no per\u00edodo de 8h \u00e0s 18h, desenvolvendo aulas on-line.<\/p>\n\n\n\n<p>Goveia ressalta que as escolas j\u00e1 desenvolvem aulas on-line e plant\u00f5es pedag\u00f3gicos, por\u00e9m, o objetivo dessa iniciativa \u00e9 alcan\u00e7ar com essa a\u00e7\u00e3o um n\u00famero maior de alunos e despertar o interesse, ao mesmo tempo em que chama aten\u00e7\u00e3o dos alunos e pais para a import\u00e2ncia das aulas on-line em tempos de pandemia, bem como, sanar d\u00favidas e fortalecer o processo de ensino e aprendizagem remoto.<\/p>\n\n\n\n<p><strong>Participa\u00e7\u00e3o especial<\/strong><br>Esse evento contar\u00e1 com a participa\u00e7\u00e3o especial de Aldizia Carneiro de Ara\u00fajo, Mestre em Educa\u00e7\u00e3o, especialista em Gest\u00e3o Educacional, graduada em Pedagogia e professora de carreira da Rede Estadual de Educa\u00e7\u00e3o.<\/p>\n\n\n\n<p><strong>Roda de Conversa<\/strong><br>Tamb\u00e9m nesse mesmo dia, a partir das 10 horas, acontece uma Roda de Conversa&nbsp; virtual com t\u00e9cnicos do Sebrae que v\u00e3o explanar sobre o Programa Jovens Empreendedores Primeiros Passos, uma metodologia e proposta pedag\u00f3gica aderida pelo munic\u00edpio que por meio de forma\u00e7\u00e3o de professores.<\/p>\n\n\n\n<p>O secret\u00e1rio de Educa\u00e7\u00e3o destaca que a inser\u00e7\u00e3o do tema empreendedorismo no plano de aulas do professor, bem como, o material did\u00e1tico espec\u00edfico e consultoria educacional, visa, de forma interdisciplinar, formar alunos com vis\u00e3o empreendedora.<\/p>\n\n\n\n<p>Participam da roda de conversa professores, gestores e t\u00e9cnicos da Semed, onde ser\u00e1 feita apresenta\u00e7\u00e3o da proposta da Educa\u00e7\u00e3o Empreendedora.<\/p>\n\n\n\n<figure class=\"wp-block-image\"><img decoding=\"async\" src=\"https:\/\/portaldoamaral.com.br\/wp-content\/uploads\/2021\/06\/WhatsApp-Image-2021-06-08-at-16.32.44.jpeg\" alt=\"\"\/><\/figure>\n","protected":false},"excerpt":{"rendered":"<p>Por Zacarias Martins Nesta quinta-feira, dia 10 de junho, ocorrer\u00e1 o Primeiro Plant\u00e3o Pedag\u00f3gico Virtual da Rede Municipal de Educa\u00e7\u00e3o de Tocant\u00ednia. O secret\u00e1rio de Educa\u00e7\u00e3o de Tocant\u00ednia, Andr\u00e9 Goveia, explica que nesse dia, todas as Unidades Escolares do munic\u00edpio estar\u00e3o durante todo o dia, no per\u00edodo de 8h \u00e0s 18h, desenvolvendo aulas on-line. Goveia &hellip;<\/p>\n","protected":false},"author":5,"featured_media":1371,"comment_status":"open","ping_status":"open","sticky":true,"template":"","format":"standard","meta":{"footnotes":""},"categories":[1],"tags":[],"class_list":["post-1369","post","type-post","status-publish","format-standard","has-post-thumbnail","","category-sem-categoria"],"_links":{"self":[{"href":"https:\/\/focotocantinense.com.br\/index.php?rest_route=\/wp\/v2\/posts\/1369","targetHints":{"allow":["GET"]}}],"collection":[{"href":"https:\/\/focotocantinense.com.br\/index.php?rest_route=\/wp\/v2\/posts"}],"about":[{"href":"https:\/\/focotocantinense.com.br\/index.php?rest_route=\/wp\/v2\/types\/post"}],"author":[{"embeddable":true,"href":"https:\/\/focotocantinense.com.br\/index.php?rest_route=\/wp\/v2\/users\/5"}],"replies":[{"embeddable":true,"href":"https:\/\/focotocantinense.com.br\/index.php?rest_route=%2Fwp%2Fv2%2Fcomments&post=1369"}],"version-history":[{"count":1,"href":"https:\/\/focotocantinense.com.br\/index.php?rest_route=\/wp\/v2\/posts\/1369\/revisions"}],"predecessor-version":[{"id":1370,"href":"https:\/\/focotocantinense.com.br\/index.php?rest_route=\/wp\/v2\/posts\/1369\/revisions\/1370"}],"wp:featuredmedia":[{"embeddable":true,"href":"https:\/\/focotocantinense.com.br\/index.php?rest_route=\/wp\/v2\/media\/1371"}],"wp:attachment":[{"href":"https:\/\/focotocantinense.com.br\/index.php?rest_route=%2Fwp%2Fv2%2Fmedia&parent=1369"}],"wp:term":[{"taxonomy":"category","embeddable":true,"href":"https:\/\/focotocantinense.com.br\/index.php?rest_route=%2Fwp%2Fv2%2Fcategories&post=1369"},{"taxonomy":"post_tag","embeddable":true,"href":"https:\/\/focotocantinense.com.br\/index.php?rest_route=%2Fwp%2Fv2%2Ftags&post=1369"}],"curies":[{"name":"wp","href":"https:\/\/api.w.org\/{rel}","templated":true}]}}