{"id":1364,"date":"2021-06-07T21:05:26","date_gmt":"2021-06-08T00:05:26","guid":{"rendered":"http:\/\/focotocantinense.com.br\/?p=1364"},"modified":"2021-06-07T23:51:19","modified_gmt":"2021-06-08T02:51:19","slug":"livro-de-cronicas-registra-com-bom-humor-as-acontecencias-da-capital-da-amizade","status":"publish","type":"post","link":"https:\/\/focotocantinense.com.br\/?p=1364","title":{"rendered":"Livro de cr\u00f4nicas registra com bom humor as \u201cacontec\u00eancias\u201d da Capital da Amizade"},"content":{"rendered":"\n<p><strong>Por Zacarias Martins&nbsp;<\/strong><\/p>\n\n\n\n<p>Na pr\u00f3xima quinta-feira, dia 10, \u00a0\u00a0a dupla Paulo Albuquerque e Jonas Barros \u00a0ir\u00e1 apresentar para a imprensa gurupiense o livro\u00a0 de cr\u00f4nicas \u00a0\u00a0\u201c<strong><em>Na Ponta da L\u00edngua<\/em><\/strong>\u201d,\u00a0 edi\u00e7\u00e3o da Life\u00a0 Editora, e que\u00a0 \u00a0traz pequenos causos sobre personagens e coisas que desvelam uma parte da hist\u00f3ria de Gurupi, Tocantins e do antigo norte-goiano. O evento acontece na sacada do Centro de Atividades do Sesc em Gurupi, a partir das 18h30.<\/p>\n\n\n\n<p>A obra \u00e9 o resultado da jun\u00e7\u00e3o entre a mem\u00f3ria prodigiosa e habilidade para contar causos do advogado e agente pol\u00edtico, Jonas Barros, e a capacidade de condensa\u00e7\u00e3o liter\u00e1ria do professor de Direito e Jornalismo, Paulo Albuquerque. \u201cSempre admirei quem \u00e9 bom em relatos, e o Jonas tem esta qualidade. Acho at\u00e9 que ele fantasia algumas coisas, com pitadas de humor, mas n\u00e3o inventa, literalmente\u201d, diz o coautor.<\/p>\n\n\n\n<p>Segundo Jonas, o trabalho come\u00e7ou a ser desenvolvido h\u00e1 uns tr\u00eas anos. \u201cComentei com o Paulo sobre a ideia e o chamei para dividir a tarefa. N\u00e3o tive d\u00favidas de que ele seria o melhor parceiro para desenvolver o projeto\u201d, comenta. \u201cEu mandava os \u00e1udios pelo WhatsApp contando as hist\u00f3rias e Paulo foi dando vida \u00e0s narrativas\u201d, completa.<\/p>\n\n\n\n<p>\u201cDepois que comecei a produ\u00e7\u00e3o dos textos, me empolguei, adicionando detalhes, desde que n\u00e3o comprometessem o teor dos causos, \u00e9 claro. Tem at\u00e9 algumas narrativas que s\u00e3o de minha cria\u00e7\u00e3o\u201d, acrescenta Paulo.<\/p>\n\n\n\n<p>O livro traz ilustra\u00e7\u00f5es de miolo de autoria do desenhista Ronaldo Maciel, que \u00e9 arte finalista nascido em Gurupi, mas atualmente mora em Porto Nacional; e a arte de Capa foi desenvolvida pelo jornalista e tamb\u00e9m arte finalista, Natan Fernandes. A editora que publicou Na Ponta da L\u00edngua \u00e9 a Life, de Campo Grande.<\/p>\n\n\n\n<p>Os autores est\u00e3o comercializando a obra individualmente, e os contatos ser\u00e3o pelos telefones: (63) 999149587 (Paulo) e (63) 92184307 (Jonas). Para encomendas com envio pelos Correios s\u00e3o acrescidas as taxas de transporte. At\u00e9 o dia do lan\u00e7amento que ainda n\u00e3o tem dia certo para acontecer por conta desse per\u00edodo de pandemia, &nbsp;os exemplares est\u00e3o a pre\u00e7os populares: &nbsp;R$30,00 a unidade; R$ 50.00 &nbsp;por dois livros; R$ 70,00 reais por tr\u00eas; e R$ 80,00 reais por quatro exemplares.<\/p>\n\n\n\n<figure class=\"wp-block-image\"><img decoding=\"async\" src=\"http:\/\/n1to.com.br\/img\/uploads\/zzzzzzzzzzzzzzzzz.jpg\" alt=\"\"\/><\/figure>\n","protected":false},"excerpt":{"rendered":"<p>Por Zacarias Martins&nbsp; Na pr\u00f3xima quinta-feira, dia 10, \u00a0\u00a0a dupla Paulo Albuquerque e Jonas Barros \u00a0ir\u00e1 apresentar para a imprensa gurupiense o livro\u00a0 de cr\u00f4nicas \u00a0\u00a0\u201cNa Ponta da L\u00edngua\u201d,\u00a0 edi\u00e7\u00e3o da Life\u00a0 Editora, e que\u00a0 \u00a0traz pequenos causos sobre personagens e coisas que desvelam uma parte da hist\u00f3ria de Gurupi, Tocantins e do antigo norte-goiano. &hellip;<\/p>\n","protected":false},"author":5,"featured_media":1366,"comment_status":"open","ping_status":"open","sticky":true,"template":"","format":"standard","meta":{"footnotes":""},"categories":[1],"tags":[],"class_list":["post-1364","post","type-post","status-publish","format-standard","has-post-thumbnail","","category-sem-categoria"],"_links":{"self":[{"href":"https:\/\/focotocantinense.com.br\/index.php?rest_route=\/wp\/v2\/posts\/1364","targetHints":{"allow":["GET"]}}],"collection":[{"href":"https:\/\/focotocantinense.com.br\/index.php?rest_route=\/wp\/v2\/posts"}],"about":[{"href":"https:\/\/focotocantinense.com.br\/index.php?rest_route=\/wp\/v2\/types\/post"}],"author":[{"embeddable":true,"href":"https:\/\/focotocantinense.com.br\/index.php?rest_route=\/wp\/v2\/users\/5"}],"replies":[{"embeddable":true,"href":"https:\/\/focotocantinense.com.br\/index.php?rest_route=%2Fwp%2Fv2%2Fcomments&post=1364"}],"version-history":[{"count":2,"href":"https:\/\/focotocantinense.com.br\/index.php?rest_route=\/wp\/v2\/posts\/1364\/revisions"}],"predecessor-version":[{"id":1368,"href":"https:\/\/focotocantinense.com.br\/index.php?rest_route=\/wp\/v2\/posts\/1364\/revisions\/1368"}],"wp:featuredmedia":[{"embeddable":true,"href":"https:\/\/focotocantinense.com.br\/index.php?rest_route=\/wp\/v2\/media\/1366"}],"wp:attachment":[{"href":"https:\/\/focotocantinense.com.br\/index.php?rest_route=%2Fwp%2Fv2%2Fmedia&parent=1364"}],"wp:term":[{"taxonomy":"category","embeddable":true,"href":"https:\/\/focotocantinense.com.br\/index.php?rest_route=%2Fwp%2Fv2%2Fcategories&post=1364"},{"taxonomy":"post_tag","embeddable":true,"href":"https:\/\/focotocantinense.com.br\/index.php?rest_route=%2Fwp%2Fv2%2Ftags&post=1364"}],"curies":[{"name":"wp","href":"https:\/\/api.w.org\/{rel}","templated":true}]}}