{"id":1355,"date":"2021-06-02T19:04:23","date_gmt":"2021-06-02T22:04:23","guid":{"rendered":"http:\/\/focotocantinense.com.br\/?p=1355"},"modified":"2021-06-02T19:38:29","modified_gmt":"2021-06-02T22:38:29","slug":"propostas-adequacoes-na-lei-de-promocoes-da-pmto","status":"publish","type":"post","link":"https:\/\/focotocantinense.com.br\/?p=1355","title":{"rendered":"Propostas adequa\u00e7\u00f5es na Lei de Promo\u00e7\u00f5es da PMTO"},"content":{"rendered":"\n<p><br>Altera\u00e7\u00f5es referentes \u00e0s promo\u00e7\u00f5es da Pol\u00edcia Militar do Estado do Tocantins (PMTO) s\u00e3o o tema de uma Medida Provis\u00f3ria de autoria do Governo do Estado.<\/p>\n\n\n\n<p>&nbsp;Encaminhada \u00e0 Comiss\u00e3o de Constitui\u00e7\u00e3o, Justi\u00e7a e Reda\u00e7\u00e3o (CCJ) da Assembleia Legislativa do Tocantins (Aleto) na sess\u00e3o matutina desta quarta-feira, 2, a MP altera a Lei n\u00ba 2.575, de 20 de abril de 2012, que disp\u00f5e sobre a organiza\u00e7\u00e3o b\u00e1sica da Pol\u00edcia Militar.<\/p>\n\n\n\n<p>Conforme a proposta, al\u00e9m de incluir o mais recente quadro criado na corpora\u00e7\u00e3o &#8211; o de Oficiais da Administra\u00e7\u00e3o da Sa\u00fade (QOAS), a medida modifica aspectos estruturais dos cursos de habilita\u00e7\u00e3o e aperfei\u00e7oamento a patentes superiores, com vistas ao estabelecimento de propor\u00e7\u00f5es igualit\u00e1rias na convoca\u00e7\u00e3o dos militares para a sua realiza\u00e7\u00e3o.<\/p>\n\n\n\n<p>A norma visa respeitar os crit\u00e9rios de antiguidade para conquista de promo\u00e7\u00f5es na carreira, especialmente em raz\u00e3o do certame em andamento para ingresso nas fileiras da corpora\u00e7\u00e3o.<\/p>\n\n\n\n<p>A medida tamb\u00e9m altera os requisitos estabelecidos para convoca\u00e7\u00e3o dos cursos de habilita\u00e7\u00e3o e aperfei\u00e7oamento de Oficiais de Administra\u00e7\u00e3o (CHOA) e Oficiais M\u00fasicos (CHOM), cuja finalidade \u00e9 a melhoria na presta\u00e7\u00e3o do servi\u00e7o p\u00fablico.&nbsp;<\/p>\n\n\n\n<figure class=\"wp-block-image\"><img decoding=\"async\" src=\"https:\/\/www.n1to.com.br\/img\/cache\/800x400\/80\/crop\/Imagem-f2f0017db8d821a829a34a4fc2fc0888.jpg\" alt=\"\"\/><\/figure>\n","protected":false},"excerpt":{"rendered":"<p>Altera\u00e7\u00f5es referentes \u00e0s promo\u00e7\u00f5es da Pol\u00edcia Militar do Estado do Tocantins (PMTO) s\u00e3o o tema de uma Medida Provis\u00f3ria de autoria do Governo do Estado. &nbsp;Encaminhada \u00e0 Comiss\u00e3o de Constitui\u00e7\u00e3o, Justi\u00e7a e Reda\u00e7\u00e3o (CCJ) da Assembleia Legislativa do Tocantins (Aleto) na sess\u00e3o matutina desta quarta-feira, 2, a MP altera a Lei n\u00ba 2.575, de 20 &hellip;<\/p>\n","protected":false},"author":5,"featured_media":1357,"comment_status":"open","ping_status":"open","sticky":true,"template":"","format":"standard","meta":{"footnotes":""},"categories":[40],"tags":[],"class_list":["post-1355","post","type-post","status-publish","format-standard","has-post-thumbnail","","category-politica"],"_links":{"self":[{"href":"https:\/\/focotocantinense.com.br\/index.php?rest_route=\/wp\/v2\/posts\/1355","targetHints":{"allow":["GET"]}}],"collection":[{"href":"https:\/\/focotocantinense.com.br\/index.php?rest_route=\/wp\/v2\/posts"}],"about":[{"href":"https:\/\/focotocantinense.com.br\/index.php?rest_route=\/wp\/v2\/types\/post"}],"author":[{"embeddable":true,"href":"https:\/\/focotocantinense.com.br\/index.php?rest_route=\/wp\/v2\/users\/5"}],"replies":[{"embeddable":true,"href":"https:\/\/focotocantinense.com.br\/index.php?rest_route=%2Fwp%2Fv2%2Fcomments&post=1355"}],"version-history":[{"count":2,"href":"https:\/\/focotocantinense.com.br\/index.php?rest_route=\/wp\/v2\/posts\/1355\/revisions"}],"predecessor-version":[{"id":1358,"href":"https:\/\/focotocantinense.com.br\/index.php?rest_route=\/wp\/v2\/posts\/1355\/revisions\/1358"}],"wp:featuredmedia":[{"embeddable":true,"href":"https:\/\/focotocantinense.com.br\/index.php?rest_route=\/wp\/v2\/media\/1357"}],"wp:attachment":[{"href":"https:\/\/focotocantinense.com.br\/index.php?rest_route=%2Fwp%2Fv2%2Fmedia&parent=1355"}],"wp:term":[{"taxonomy":"category","embeddable":true,"href":"https:\/\/focotocantinense.com.br\/index.php?rest_route=%2Fwp%2Fv2%2Fcategories&post=1355"},{"taxonomy":"post_tag","embeddable":true,"href":"https:\/\/focotocantinense.com.br\/index.php?rest_route=%2Fwp%2Fv2%2Ftags&post=1355"}],"curies":[{"name":"wp","href":"https:\/\/api.w.org\/{rel}","templated":true}]}}