{"id":1351,"date":"2021-06-01T17:05:24","date_gmt":"2021-06-01T20:05:24","guid":{"rendered":"http:\/\/focotocantinense.com.br\/?p=1351"},"modified":"2021-06-01T17:06:42","modified_gmt":"2021-06-01T20:06:42","slug":"alunos-da-rede-municipal-de-educacao-de-tocantinia-recebem-novas-cartilhas-pedagogicas-do-projeto-iris-uft","status":"publish","type":"post","link":"https:\/\/focotocantinense.com.br\/?p=1351","title":{"rendered":"Alunos da Rede Municipal de Educa\u00e7\u00e3o de Tocant\u00ednia recebem novas cartilhas pedag\u00f3gicas do Projeto IRIS\/UFT"},"content":{"rendered":"\n<p><strong>Por Zacarias Martins<\/strong><\/p>\n\n\n\n<p>A Prefeitura de Tocant\u00ednia por meio da Secretaria Municipal de Educa\u00e7\u00e3o (Semed). vem desenvolvendo em parceria com a Universidade Federal do Tocantins (UFT), por meio do Projeto IRIS &#8211; Internato Rural Integrado que conta com a participa\u00e7\u00e3o por meios virtuais de acad\u00eamicos e professores..<\/p>\n\n\n\n<p>O secret\u00e1rio de Educa\u00e7\u00e3o de Tocant\u00ednia, Andr\u00e9 Goveia, explicou que por conta da pandemia, as atividades do Projeto IRIS est\u00e3o sendo realizadas de forma remota, e contemplam rodas de conversa virtuais, al\u00e9m de oficinas que visam fortalecer o ensino e aprendizagem.<\/p>\n\n\n\n<p>Na quarta-feira&nbsp; passada, foram entregues por meio da Pr\u00f3-Reitora de Extens\u00e3o e Pesquisa da UFT, Maria Santana,&nbsp; mais de 600 cartilhas pedag\u00f3gicas com atividades que abordam as medidas de preven\u00e7\u00e3o e a import\u00e2ncia da alimenta\u00e7\u00e3o saud\u00e1vel para uma melhor imunidade.<\/p>\n\n\n\n<figure class=\"wp-block-image\"><img decoding=\"async\" src=\"https:\/\/www.n1to.com.br\/img\/cache\/800x400\/80\/crop\/Imagem-0a7bd3c7280873ebbf97f4f28e6e495c.jpg\" alt=\"\"\/><\/figure>\n","protected":false},"excerpt":{"rendered":"<p>Por Zacarias Martins A Prefeitura de Tocant\u00ednia por meio da Secretaria Municipal de Educa\u00e7\u00e3o (Semed). vem desenvolvendo em parceria com a Universidade Federal do Tocantins (UFT), por meio do Projeto IRIS &#8211; Internato Rural Integrado que conta com a participa\u00e7\u00e3o por meios virtuais de acad\u00eamicos e professores.. O secret\u00e1rio de Educa\u00e7\u00e3o de Tocant\u00ednia, Andr\u00e9 Goveia, &hellip;<\/p>\n","protected":false},"author":5,"featured_media":1353,"comment_status":"open","ping_status":"open","sticky":true,"template":"","format":"standard","meta":{"footnotes":""},"categories":[1,78],"tags":[89],"class_list":["post-1351","post","type-post","status-publish","format-standard","has-post-thumbnail","","category-sem-categoria","category-tocantinia","tag-tocantinia"],"_links":{"self":[{"href":"https:\/\/focotocantinense.com.br\/index.php?rest_route=\/wp\/v2\/posts\/1351","targetHints":{"allow":["GET"]}}],"collection":[{"href":"https:\/\/focotocantinense.com.br\/index.php?rest_route=\/wp\/v2\/posts"}],"about":[{"href":"https:\/\/focotocantinense.com.br\/index.php?rest_route=\/wp\/v2\/types\/post"}],"author":[{"embeddable":true,"href":"https:\/\/focotocantinense.com.br\/index.php?rest_route=\/wp\/v2\/users\/5"}],"replies":[{"embeddable":true,"href":"https:\/\/focotocantinense.com.br\/index.php?rest_route=%2Fwp%2Fv2%2Fcomments&post=1351"}],"version-history":[{"count":2,"href":"https:\/\/focotocantinense.com.br\/index.php?rest_route=\/wp\/v2\/posts\/1351\/revisions"}],"predecessor-version":[{"id":1354,"href":"https:\/\/focotocantinense.com.br\/index.php?rest_route=\/wp\/v2\/posts\/1351\/revisions\/1354"}],"wp:featuredmedia":[{"embeddable":true,"href":"https:\/\/focotocantinense.com.br\/index.php?rest_route=\/wp\/v2\/media\/1353"}],"wp:attachment":[{"href":"https:\/\/focotocantinense.com.br\/index.php?rest_route=%2Fwp%2Fv2%2Fmedia&parent=1351"}],"wp:term":[{"taxonomy":"category","embeddable":true,"href":"https:\/\/focotocantinense.com.br\/index.php?rest_route=%2Fwp%2Fv2%2Fcategories&post=1351"},{"taxonomy":"post_tag","embeddable":true,"href":"https:\/\/focotocantinense.com.br\/index.php?rest_route=%2Fwp%2Fv2%2Ftags&post=1351"}],"curies":[{"name":"wp","href":"https:\/\/api.w.org\/{rel}","templated":true}]}}