{"id":1338,"date":"2021-05-19T16:34:29","date_gmt":"2021-05-19T19:34:29","guid":{"rendered":"http:\/\/focotocantinense.com.br\/?p=1338"},"modified":"2021-05-19T16:35:39","modified_gmt":"2021-05-19T19:35:39","slug":"secretario-de-educacao-de-tocantinia-participara-de-live-promovida-da-uft-sobre-os-impactos-do-ensino-remoto","status":"publish","type":"post","link":"https:\/\/focotocantinense.com.br\/?p=1338","title":{"rendered":"Secret\u00e1rio de Educa\u00e7\u00e3o de Tocant\u00ednia participar\u00e1 de live promovida da UFT sobre os impactos do ensino remoto"},"content":{"rendered":"\n<figure class=\"wp-block-table\"><table><tbody><tr><td><a href=\"https:\/\/www.avast.com\/sig-email?utm_medium=email&amp;utm_source=link&amp;utm_campaign=sig-email&amp;utm_content=webmail\" target=\"_blank\" rel=\"noreferrer noopener\"><\/a><\/td><td><\/td><\/tr><\/tbody><\/table><\/figure>\n\n\n\n<p><\/p>\n\n\n\n<p><strong>&nbsp;Por Leontina Martins<\/strong><\/p>\n\n\n\n<p>Nesta sexta-feira, dia 21, \u00e0s 19 horas, o &nbsp;professor Andr\u00e9 Goveia, Secret\u00e1rio de Educa\u00e7\u00e3o de Tocant\u00ednia, participa de uma live pela plataforma Google Meet, onde vai abordar o tema \u201cEnsino Remoto e os impactos sobre os alunos\u201d. Juntamente com Andr\u00e9 Goveia, participa a professora Evelyn Monique dos Santos, &nbsp;assessora de Educa\u00e7\u00e3o Integral na Delegacia Regional de Educa\u00e7\u00e3o, &nbsp;em Miracema do Tocantins.<\/p>\n\n\n\n<p>Essa a\u00e7\u00e3o \u00e9 uma iniciativa da Universidade Federal do Tocantins (UFT), por meio da Pr\u00f3-Reitoria de Extens\u00e3o, Cultura e Assuntos Comunit\u00e1rios (PROEX).<\/p>\n\n\n\n<p>Andr\u00e9 Goveia explica que o &nbsp;ensino remoto foi uma alternativa para assegurar o acesso \u00e0 Educa\u00e7\u00e3o com o evento repentino da pandemia e que vem tendo ajustes a cada dia para melhorar a qualidade da oferta.<\/p>\n\n\n\n<p>Para o secret\u00e1rio de Educa\u00e7\u00e3o de Tocant\u00ednia, \u00e9 &nbsp;ineg\u00e1vel que devido a novidade desse tipo de ensino, considerando ainda, inclusive uma limitada Literatura na \u00e1rea, &nbsp;h\u00e1 a necessidade de uma constante melhoria dos resultados . &nbsp;\u201cMas foi a forma mais segura at\u00e9 aqui para preservar o bem maior que \u00e9 a vida dos nossos alunos e profissionais da Educa\u00e7\u00e3o\u201d, concluiu.&nbsp;&nbsp;<\/p>\n\n\n\n<figure class=\"wp-block-image size-large\"><img loading=\"lazy\" decoding=\"async\" width=\"830\" height=\"498\" src=\"http:\/\/focotocantinense.com.br\/wp-content\/uploads\/2021\/05\/image-12.png\" alt=\"\" class=\"wp-image-1339\" srcset=\"https:\/\/focotocantinense.com.br\/wp-content\/uploads\/2021\/05\/image-12.png 830w, https:\/\/focotocantinense.com.br\/wp-content\/uploads\/2021\/05\/image-12-300x180.png 300w, https:\/\/focotocantinense.com.br\/wp-content\/uploads\/2021\/05\/image-12-768x461.png 768w\" sizes=\"auto, (max-width: 830px) 100vw, 830px\" \/><\/figure>\n","protected":false},"excerpt":{"rendered":"<p>&nbsp;Por Leontina Martins Nesta sexta-feira, dia 21, \u00e0s 19 horas, o &nbsp;professor Andr\u00e9 Goveia, Secret\u00e1rio de Educa\u00e7\u00e3o de Tocant\u00ednia, participa de uma live pela plataforma Google Meet, onde vai abordar o tema \u201cEnsino Remoto e os impactos sobre os alunos\u201d. Juntamente com Andr\u00e9 Goveia, participa a professora Evelyn Monique dos Santos, &nbsp;assessora de Educa\u00e7\u00e3o Integral &hellip;<\/p>\n","protected":false},"author":5,"featured_media":1341,"comment_status":"open","ping_status":"open","sticky":true,"template":"","format":"standard","meta":{"footnotes":""},"categories":[1,78],"tags":[89],"class_list":["post-1338","post","type-post","status-publish","format-standard","has-post-thumbnail","","category-sem-categoria","category-tocantinia","tag-tocantinia"],"_links":{"self":[{"href":"https:\/\/focotocantinense.com.br\/index.php?rest_route=\/wp\/v2\/posts\/1338","targetHints":{"allow":["GET"]}}],"collection":[{"href":"https:\/\/focotocantinense.com.br\/index.php?rest_route=\/wp\/v2\/posts"}],"about":[{"href":"https:\/\/focotocantinense.com.br\/index.php?rest_route=\/wp\/v2\/types\/post"}],"author":[{"embeddable":true,"href":"https:\/\/focotocantinense.com.br\/index.php?rest_route=\/wp\/v2\/users\/5"}],"replies":[{"embeddable":true,"href":"https:\/\/focotocantinense.com.br\/index.php?rest_route=%2Fwp%2Fv2%2Fcomments&post=1338"}],"version-history":[{"count":2,"href":"https:\/\/focotocantinense.com.br\/index.php?rest_route=\/wp\/v2\/posts\/1338\/revisions"}],"predecessor-version":[{"id":1342,"href":"https:\/\/focotocantinense.com.br\/index.php?rest_route=\/wp\/v2\/posts\/1338\/revisions\/1342"}],"wp:featuredmedia":[{"embeddable":true,"href":"https:\/\/focotocantinense.com.br\/index.php?rest_route=\/wp\/v2\/media\/1341"}],"wp:attachment":[{"href":"https:\/\/focotocantinense.com.br\/index.php?rest_route=%2Fwp%2Fv2%2Fmedia&parent=1338"}],"wp:term":[{"taxonomy":"category","embeddable":true,"href":"https:\/\/focotocantinense.com.br\/index.php?rest_route=%2Fwp%2Fv2%2Fcategories&post=1338"},{"taxonomy":"post_tag","embeddable":true,"href":"https:\/\/focotocantinense.com.br\/index.php?rest_route=%2Fwp%2Fv2%2Ftags&post=1338"}],"curies":[{"name":"wp","href":"https:\/\/api.w.org\/{rel}","templated":true}]}}