{"id":1335,"date":"2021-05-18T19:51:54","date_gmt":"2021-05-18T22:51:54","guid":{"rendered":"http:\/\/focotocantinense.com.br\/?p=1335"},"modified":"2021-05-18T19:52:45","modified_gmt":"2021-05-18T22:52:45","slug":"assembleia-assina-termo-com-o-mp-para-insercoes-institucionais-na-tv-assembleia","status":"publish","type":"post","link":"https:\/\/focotocantinense.com.br\/?p=1335","title":{"rendered":"Assembleia assina termo com o MP para inser\u00e7\u00f5es institucionais na TV Assembleia"},"content":{"rendered":"\n<p>A Assembleia Legislativa do Estado do Tocantins (Aleto), representada por seu presidente, o deputado Antonio Andrade (PTB), realizou na manh\u00e3 desta ter\u00e7a-feira, 18, a assinatura de conv\u00eanio com o Minist\u00e9rio P\u00fablico do Estado (MPE) para veicula\u00e7\u00e3o na TV Assembleia de programas e v\u00eddeos institucionais do Minist\u00e9rio. O presidente destacou a import\u00e2ncia do termo entre as duas institui\u00e7\u00f5es, que, segundo suas palavras, ir\u00e1 &#8220;engrandecer o trabalho da TV&#8221;. &nbsp;<\/p>\n\n\n\n<p>Antonio Andrade lembrou a assinatura de termo semelhante com a Defensoria P\u00fablica realizada na ter\u00e7a-feira, dia 11, postura que promover\u00e1 a transmiss\u00e3o de informa\u00e7\u00f5es relevantes \u00e0 popula\u00e7\u00e3o do Estado. \u201cCom essas parcerias e com o trabalho de cada deputado, hoje estamos fazendo da Assembleia a verdadeira &#8216;Casa do Povo&#8217;\u201d, concluiu. &nbsp;<\/p>\n\n\n\n<p>Levar o sinal da TV para novas cidades, al\u00e9m de Palmas e Aragua\u00edna, foi a meta estabelecida pelo presidente da Aleto durante assinatura do termo com a Defensoria. &#8220;O sinal da emissora ser\u00e1 levado brevemente a Gurupi, Para\u00edso do Tocantins, Porto Nacional e regi\u00e3o do Bico do Papagaio&#8221;, afirmou o deputado.&nbsp;<\/p>\n\n\n\n<p>Signat\u00e1rio do conv\u00eanio, o procurador-geral de Justi\u00e7a, Luciano C\u00e9sar Casaroti, agradeceu \u00e0 Assembleia Legislativa a coopera\u00e7\u00e3o, enquanto garantiu que o objetivo \u00e9 dar ampla publicidade \u00e0s atividades do MP. \u201cA parceria dar\u00e1 a oportunidade de levar conhecimento do que o Minist\u00e9rio P\u00fablico realiza, das suas atribui\u00e7\u00f5es e as defesas que fazemos em prol da sociedade. Isso \u00e9 muito importante para o \u00f3rg\u00e3o\u201d, declarou Luciano. &nbsp;<\/p>\n\n\n\n<p>Entre os parlamentares, Valdemar J\u00fanior (MDB) parabenizou o presidente da Casa de Leis pela iniciativa, e reconheceu a capacidade do procurador para exercer o trabalho de defesa da sociedade tocantinense. &nbsp;<\/p>\n\n\n\n<p>Participaram da reuni\u00e3o os deputados L\u00e9o Barbosa (Solidariedade), Cleiton Cardoso (PTC), Luana Ribeiro (PSDB), Valderez Castelo Branco (PP) e Am\u00e1lia Santana (PT). Tamb\u00e9m estiveram presentes os diretores de \u00c1rea de Radiodifus\u00e3o, Armando Formiga, e de Comunica\u00e7\u00e3o da Casa, Edivaldo Rodrigues.<\/p>\n\n\n\n<figure class=\"wp-block-image\"><img decoding=\"async\" src=\"https:\/\/www.n1to.com.br\/img\/cache\/800x400\/80\/crop\/Imagem-56091766ea6ffdd123ba9a0c8c4ff99f.jpg\" alt=\"\"\/><\/figure>\n","protected":false},"excerpt":{"rendered":"<p>A Assembleia Legislativa do Estado do Tocantins (Aleto), representada por seu presidente, o deputado Antonio Andrade (PTB), realizou na manh\u00e3 desta ter\u00e7a-feira, 18, a assinatura de conv\u00eanio com o Minist\u00e9rio P\u00fablico do Estado (MPE) para veicula\u00e7\u00e3o na TV Assembleia de programas e v\u00eddeos institucionais do Minist\u00e9rio. O presidente destacou a import\u00e2ncia do termo entre as &hellip;<\/p>\n","protected":false},"author":5,"featured_media":1337,"comment_status":"open","ping_status":"open","sticky":true,"template":"","format":"standard","meta":{"footnotes":""},"categories":[39,1],"tags":[],"class_list":["post-1335","post","type-post","status-publish","format-standard","has-post-thumbnail","","category-estado","category-sem-categoria"],"_links":{"self":[{"href":"https:\/\/focotocantinense.com.br\/index.php?rest_route=\/wp\/v2\/posts\/1335","targetHints":{"allow":["GET"]}}],"collection":[{"href":"https:\/\/focotocantinense.com.br\/index.php?rest_route=\/wp\/v2\/posts"}],"about":[{"href":"https:\/\/focotocantinense.com.br\/index.php?rest_route=\/wp\/v2\/types\/post"}],"author":[{"embeddable":true,"href":"https:\/\/focotocantinense.com.br\/index.php?rest_route=\/wp\/v2\/users\/5"}],"replies":[{"embeddable":true,"href":"https:\/\/focotocantinense.com.br\/index.php?rest_route=%2Fwp%2Fv2%2Fcomments&post=1335"}],"version-history":[{"count":1,"href":"https:\/\/focotocantinense.com.br\/index.php?rest_route=\/wp\/v2\/posts\/1335\/revisions"}],"predecessor-version":[{"id":1336,"href":"https:\/\/focotocantinense.com.br\/index.php?rest_route=\/wp\/v2\/posts\/1335\/revisions\/1336"}],"wp:featuredmedia":[{"embeddable":true,"href":"https:\/\/focotocantinense.com.br\/index.php?rest_route=\/wp\/v2\/media\/1337"}],"wp:attachment":[{"href":"https:\/\/focotocantinense.com.br\/index.php?rest_route=%2Fwp%2Fv2%2Fmedia&parent=1335"}],"wp:term":[{"taxonomy":"category","embeddable":true,"href":"https:\/\/focotocantinense.com.br\/index.php?rest_route=%2Fwp%2Fv2%2Fcategories&post=1335"},{"taxonomy":"post_tag","embeddable":true,"href":"https:\/\/focotocantinense.com.br\/index.php?rest_route=%2Fwp%2Fv2%2Ftags&post=1335"}],"curies":[{"name":"wp","href":"https:\/\/api.w.org\/{rel}","templated":true}]}}