{"id":1327,"date":"2021-05-18T17:19:44","date_gmt":"2021-05-18T20:19:44","guid":{"rendered":"http:\/\/focotocantinense.com.br\/?p=1327"},"modified":"2021-05-18T17:26:09","modified_gmt":"2021-05-18T20:26:09","slug":"sesc-cultura-on-promove-o-1-dialogo-literario-com-a-participacao-do-escritor-zacarias-martins","status":"publish","type":"post","link":"https:\/\/focotocantinense.com.br\/?p=1327","title":{"rendered":"Sesc Cultura ON promove o 1\u00b0 Di\u00e1logo Liter\u00e1rio com a participa\u00e7\u00e3o do escritor Zacarias Martins"},"content":{"rendered":"\n<p>No dia 26 de maio, \u00e0s 16h30, nas plataformas digitais oficiais no Youtube e Facebook, o Sesc Tocantins vai realizar o 1\u00b0&nbsp;Di\u00e1logo Liter\u00e1rio com o tema &#8220;Literatura al\u00e9m das p\u00e1ginas: a literatura nos blogs e redes sociais na internet&#8221;. E os convidados que ir\u00e3o participar s\u00e3o Ana Kamila (do @poesias.comigo), Luma Nunes (do lumanunes.com) e Zacarias Martins (da coluna Livros &amp;&nbsp; Cia, portal CT Tocantins). Informa\u00e7\u00f5es pelo e-mail&nbsp;literatura@sescto.com.br&nbsp;ou pelo telefone (63) 3212-9948.<\/p>\n\n\n\n<p>O Sesc Tocantins ir\u00e1 realizar o 1\u00b0&nbsp;Di\u00e1logo Liter\u00e1rio com o tema &#8220;Literatura al\u00e9m das p\u00e1ginas: a literatura nos blogs e redes sociais na internet&#8221; com a participa\u00e7\u00e3o de Ana Kamila, Luma Nunes e Zacarias Martins. O Literatura al\u00e9m das p\u00e1ginas \u00e9 um bate-papo sobre literatura, amor por livros, poesia e internet. Os tr\u00eas convidados que, entre outros temas, discutem sobre literatura em suas p\u00e1ginas na internet. P\u00e1ginas pessoais, referente aos blogs, sites e at\u00e9 mesmo escritores amadores, mas igualmente interessantes. Esse di\u00e1logo liter\u00e1rio pretende abordar e levar ao conhecimento do p\u00fablico a grande diversidade na abordagem sobre literatura existente al\u00e9m das p\u00e1ginas dos livros. Blogs e p\u00e1ginas na internet que discutem sobre o universo liter\u00e1rio, atrav\u00e9s da divulga\u00e7\u00e3o de seus livros, livros de outros escritores, realiza\u00e7\u00e3o de Saraus, indica\u00e7\u00e3o de t\u00edtulos espec\u00edficos para cada gosto e dicas de leitura.<\/p>\n\n\n\n<p><strong>Ana kamila Casta\u00f1o<\/strong><\/p>\n\n\n\n<p>Pedagoga, p\u00f3s-graduada em Arte Educa\u00e7\u00e3o e atualmente acad\u00eamica do curso de Licenciatura em teatro da Universidade Federal do Tocantins. Contadora de hist\u00f3rias e atriz do grupo teatral Umpontodois. Criadora no Instagram do @poesias.comigo. Atualmente \u00e9 bibliotec\u00e1ria em uma escola do munic\u00edpio de Palmas, atuando com projetos de leitura desde 2014.<\/p>\n\n\n\n<p><strong>Luma Nunes<\/strong><\/p>\n\n\n\n<p>Tem 28 anos e \u00e9 escritora palmense com duas publica\u00e7\u00f5es. Leitora voraz, estudante de jornalismo, possui o lumanunes.com, um blog sobre literatura e estilo de vida, h\u00e1 7 anos.<\/p>\n\n\n\n<p><strong>Zacarias Martins<\/strong><\/p>\n\n\n\n<p>Poeta, cronista, jornalista profissional e ativista cultural, Zacarias Martins \u00e9 autor de seis livros de poesias e um de cr\u00f4nica, al\u00e9m de ter trabalhos inseridos em mais de 60 antologias liter\u00e1rias e ser verbete em v\u00e1rias obras de refer\u00eancia. \u00c9 membro-fundador da Academia Tocantinense de Letras e da Academia Gurupiense de Letras. Integrou o primeiro colegiado do Conselho Estadual de Cultura do Tocantins e foi eleito o primeiro presidente do Conselho Municipal de Pol\u00edticas Culturais de Gurupi. \u00c9 colunista liter\u00e1rio do Portal do Cl\u00e9ber Toledo (www.clebertoledo.com.br), onde assina a coluna Livros &amp; Cia, e editor de conte\u00fado do Portal Not\u00edcia 1 (www.n1to.com.br). Integra a Academia Brasileira de Jornalismo.<\/p>\n\n\n\n<p><strong>Sesc Cultura ON<\/strong><\/p>\n\n\n\n<p>O projeto surgiu em virtude da pandemia do novo coronav\u00edrus, a COVID 19. O Sesc acredita que a manuten\u00e7\u00e3o das atividades culturais contribui para o bem-estar social e para a qualidade de vida dos trabalhadores do com\u00e9rcio de bens, servi\u00e7os e turismo, de seus dependentes e comunidade em geral.<\/p>\n\n\n\n<p>A a\u00e7\u00e3o \u00e9 destinada a artistas residentes no estado do Tocantins, que desenvolvem trabalhos nas linguagens de Artes C\u00eanicas (teatro, circo e dan\u00e7a), Artes Visuais, Literatura, M\u00fasica, Audiovisual, Arte Educa\u00e7\u00e3o, Patrim\u00f4nio Cultural e de forma transversal para profissionais ligados as \u00e1reas t\u00e9cnicas e economia criativa. Foram selecionadas propostas de cria\u00e7\u00e3o, frui\u00e7\u00e3o e forma\u00e7\u00e3o, a ser apresentadas de forma virtual nos canais oficiais do Sesc. Todos os projetos ser\u00e3o disponibilizados ao p\u00fablico de forma virtual, podendo estes ainda serem apresentados em programa\u00e7\u00f5es presenciais p\u00f3s pandemia.<\/p>\n\n\n\n<p><strong>Sobre o Sesc<\/strong><\/p>\n\n\n\n<p>O Servi\u00e7o Social do Com\u00e9rcio (Sesc) \u00e9 uma entidade privada sem fins lucrativos administrada pela Fecom\u00e9rcio Tocantins, que \u00e9 ligada a Confedera\u00e7\u00e3o Nacional do Com\u00e9rcio de Bens, Servi\u00e7os e Turismo (CNC). Por meio do acesso \u00e0 cultura, educa\u00e7\u00e3o, sa\u00fade, esporte, lazer e assist\u00eancia, s\u00e3o oferecidos servi\u00e7os e a\u00e7\u00f5es que melhoram a qualidade de vida dos brasileiros atrav\u00e9s de suas mais de 580 unidades por todo o pa\u00eds.<\/p>\n\n\n\n<p><strong>Servi\u00e7o<\/strong><\/p>\n\n\n\n<p>Cultura \u2013 Sesc no Tocantins<\/p>\n\n\n\n<p><strong>A\u00e7\u00e3o:<\/strong> Di\u00e1logo Liter\u00e1rio<\/p>\n\n\n\n<p><strong>Tema<\/strong> &#8220;Literatura al\u00e9m das p\u00e1ginas: a literatura nos blogs e redes sociais na internet&#8221;<\/p>\n\n\n\n<p><strong>Convidados:<\/strong> Ana Kamila, Luma Nunes e Zacarias Martins<\/p>\n\n\n\n<p><strong>Data:<\/strong> 26\/05<\/p>\n\n\n\n<p><strong>Hor\u00e1rio:<\/strong> 16h30<\/p>\n\n\n\n<p><strong>Local:&nbsp;<\/strong><a href=\"https:\/\/www.youtube.com\/sescto\">www.youtube.com\/sescto<\/a><strong>&nbsp;Facebook<\/strong> (<a href=\"https:\/\/www.facebook.com\/sescto\">https:\/\/www.facebook.com\/sescto<\/a>)<\/p>\n\n\n\n<p><strong>Informa\u00e7\u00f5es<\/strong>:&nbsp;<a href=\"mailto:literatura@sescto.com.br\">literatura@sescto.com.br<\/a>&nbsp;| (63) 3212-9948<\/p>\n\n\n\n<figure class=\"wp-block-image size-large\"><img loading=\"lazy\" decoding=\"async\" width=\"1024\" height=\"342\" src=\"http:\/\/focotocantinense.com.br\/wp-content\/uploads\/2021\/05\/image-11-1024x342.png\" alt=\"\" class=\"wp-image-1330\" srcset=\"https:\/\/focotocantinense.com.br\/wp-content\/uploads\/2021\/05\/image-11-1024x342.png 1024w, https:\/\/focotocantinense.com.br\/wp-content\/uploads\/2021\/05\/image-11-300x100.png 300w, https:\/\/focotocantinense.com.br\/wp-content\/uploads\/2021\/05\/image-11-768x256.png 768w, https:\/\/focotocantinense.com.br\/wp-content\/uploads\/2021\/05\/image-11.png 1228w\" sizes=\"auto, (max-width: 1024px) 100vw, 1024px\" \/><\/figure>\n\n\n\n<p><strong><em>Al\u00e9m de Zacarias Martins, participar\u00e3o dessa live as escritoras Ana Kamila e Luma Nunes<\/em><\/strong><\/p>\n\n\n\n<p><\/p>\n","protected":false},"excerpt":{"rendered":"<p>No dia 26 de maio, \u00e0s 16h30, nas plataformas digitais oficiais no Youtube e Facebook, o Sesc Tocantins vai realizar o 1\u00b0&nbsp;Di\u00e1logo Liter\u00e1rio com o tema &#8220;Literatura al\u00e9m das p\u00e1ginas: a literatura nos blogs e redes sociais na internet&#8221;. E os convidados que ir\u00e3o participar s\u00e3o Ana Kamila (do @poesias.comigo), Luma Nunes (do lumanunes.com) e &hellip;<\/p>\n","protected":false},"author":5,"featured_media":1332,"comment_status":"open","ping_status":"open","sticky":true,"template":"","format":"standard","meta":{"footnotes":""},"categories":[38,1],"tags":[],"class_list":["post-1327","post","type-post","status-publish","format-standard","has-post-thumbnail","","category-gurupi","category-sem-categoria"],"_links":{"self":[{"href":"https:\/\/focotocantinense.com.br\/index.php?rest_route=\/wp\/v2\/posts\/1327","targetHints":{"allow":["GET"]}}],"collection":[{"href":"https:\/\/focotocantinense.com.br\/index.php?rest_route=\/wp\/v2\/posts"}],"about":[{"href":"https:\/\/focotocantinense.com.br\/index.php?rest_route=\/wp\/v2\/types\/post"}],"author":[{"embeddable":true,"href":"https:\/\/focotocantinense.com.br\/index.php?rest_route=\/wp\/v2\/users\/5"}],"replies":[{"embeddable":true,"href":"https:\/\/focotocantinense.com.br\/index.php?rest_route=%2Fwp%2Fv2%2Fcomments&post=1327"}],"version-history":[{"count":3,"href":"https:\/\/focotocantinense.com.br\/index.php?rest_route=\/wp\/v2\/posts\/1327\/revisions"}],"predecessor-version":[{"id":1333,"href":"https:\/\/focotocantinense.com.br\/index.php?rest_route=\/wp\/v2\/posts\/1327\/revisions\/1333"}],"wp:featuredmedia":[{"embeddable":true,"href":"https:\/\/focotocantinense.com.br\/index.php?rest_route=\/wp\/v2\/media\/1332"}],"wp:attachment":[{"href":"https:\/\/focotocantinense.com.br\/index.php?rest_route=%2Fwp%2Fv2%2Fmedia&parent=1327"}],"wp:term":[{"taxonomy":"category","embeddable":true,"href":"https:\/\/focotocantinense.com.br\/index.php?rest_route=%2Fwp%2Fv2%2Fcategories&post=1327"},{"taxonomy":"post_tag","embeddable":true,"href":"https:\/\/focotocantinense.com.br\/index.php?rest_route=%2Fwp%2Fv2%2Ftags&post=1327"}],"curies":[{"name":"wp","href":"https:\/\/api.w.org\/{rel}","templated":true}]}}