{"id":1324,"date":"2021-05-15T17:52:01","date_gmt":"2021-05-15T20:52:01","guid":{"rendered":"http:\/\/focotocantinense.com.br\/?p=1324"},"modified":"2021-05-15T17:53:03","modified_gmt":"2021-05-15T20:53:03","slug":"semana-do-governador-carlesse-e-marcada-por-busca-de-recursos-para-obras-mais-vacinas-e-lancamento-da-agrotins-2021-100-digital","status":"publish","type":"post","link":"https:\/\/focotocantinense.com.br\/?p=1324","title":{"rendered":"Semana do governador Carlesse \u00e9 marcada por busca de recursos para obras, mais vacinas e lan\u00e7amento da Agrotins 2021 100% Digital"},"content":{"rendered":"\n<p><br>Audi\u00eancia com o presidente da Rep\u00fablica, Jair Bolsonaro, em busca de recursos para obras no Tocantins; lan\u00e7amentos da Feira Agrotecnol\u00f3gica do Tocantins (Agrotins) 2021 100% Digital e do portal Observat\u00f3rio do Turismo; busca por mais vacinas e novas medidas de preven\u00e7\u00e3o e combate a Covid-19. Esses foram alguns dos assuntos que pautaram a agenda do governador do Estado do Tocantins, Mauro Carlesse, nesta segunda semana do m\u00eas de maio.<\/p>\n\n\n\n<p>Na ter\u00e7a-feira, 11, o Chefe do Executivo Estadual esteve em Bras\u00edlia, acompanhado do senador Eduardo Gomes e do deputado federal Carlos Gaguim, para audi\u00eancia com o presidente Jair Bolsonaro e com o ministro da Sa\u00fade, Marcelo Queiroga.<\/p>\n\n\n\n<p>Com o presidente da Rep\u00fablica, o governador Mauro Carlesse tratou das obras da ponte de Xambio\u00e1 que est\u00e3o sendo executadas pelo Governo Federal e da libera\u00e7\u00e3o de empr\u00e9stimo com a Caixa Econ\u00f4mica Federal na ordem de R$ 453 milh\u00f5es que ser\u00e3o empregados em diversas obras nos 139 munic\u00edpios.&nbsp;<\/p>\n\n\n\n<p>Na audi\u00eancia no Minist\u00e9rio da Sa\u00fade, o ministro Marcelo Queiroga assegurou ao Governador que vai analisar a solicita\u00e7\u00e3o de incluir os profissionais da Educa\u00e7\u00e3o no grupo priorit\u00e1rio para vacina\u00e7\u00e3o contra a Covid-19. O Tocantins pleiteia junto ao Minist\u00e9rio da Sa\u00fade a inclus\u00e3o de cerca de 30 mil trabalhadores, que comp\u00f5em as redes de educa\u00e7\u00e3o em todo o Estado.&nbsp;<\/p>\n\n\n\n<p><strong>A\u00e7\u00f5es de enfrentamento \u00e0 pandemia<\/strong><\/p>\n\n\n\n<p>A redu\u00e7\u00e3o de mais de 30% nas interna\u00e7\u00f5es em leitos cl\u00ednicos e em Unidades de Terapia Intensiva (UTIs), exclusivos para o tratamento da Covid-19; e ainda a redu\u00e7\u00e3o de novos casos confirmados e de mortes, fez com que a Gest\u00e3o Estadual estudasse a ado\u00e7\u00e3o de novas medidas com vista a \u00e0 retomada gradual de atividades no Estado.<\/p>\n\n\n\n<p>Nesta sexta-feira, 14, o governador Mauro Carlesse editou novo decreto que disp\u00f5e sobre o retorno das aulas nas redes p\u00fablicas e privadas, das atividades comerciais, o funcionamento do servi\u00e7o p\u00fablico e o retorno das aulas pr\u00e1ticas de dire\u00e7\u00e3o.&nbsp;<\/p>\n\n\n\n<p>Os eventos p\u00fablicos e privados seguem vedados e haver\u00e1 rigor na fiscaliza\u00e7\u00e3o. O retorno das atividades presenciais no servi\u00e7o p\u00fablico estadual ser\u00e1 feito com a ado\u00e7\u00e3o da jornada de 6 horas e estrat\u00e9gia de revezamento a fim de reduzir o fluxo de servidores. J\u00e1 a retomada das aulas presenciais deve seguir todas as normas sanit\u00e1rias recomendadas pelo Minist\u00e9rio da Sa\u00fade e pela Organiza\u00e7\u00e3o Mundial da Sa\u00fade (OMS), al\u00e9m do protocolo elaborado pelo Governo do Tocantins.<\/p>\n\n\n\n<p><strong>Agrotins 2021 100% Digital<\/strong><\/p>\n\n\n\n<p>No lan\u00e7amento da Agrotins 2021 100% Digital, realizado na quinta-feira, 13, o Governador refor\u00e7ou que o tema deste ano vai ao encontro das a\u00e7\u00f5es desenvolvidas pela Gest\u00e3o para alavancar o agro no Estado e que a Feira vai propiciar boas oportunidades de neg\u00f3cios e conhecimento para produtores rurais do Brasil e do mundo. A Feira ser\u00e1 realizada no per\u00edodo de 15 e 18 junho, na plataforma&nbsp;<a href=\"http:\/\/www.agrotins.to.gov.br\/\">www.agrotins.to.gov.br<\/a>&nbsp;e ter\u00e1 como tema central Agro 4.0: Tecnologia no Campo.<\/p>\n\n\n\n<p>A plataforma&nbsp;<a href=\"http:\/\/www.agrotins.to.gov.br\/\">www.agrotins.to.gov.br<\/a>&nbsp;j\u00e1 est\u00e1 no ar e os interessados podem acess\u00e1-la para conferir as not\u00edcias e as novidades da Feira. De 15 a 18 de junho, o p\u00fablico ter\u00e1 acesso a uma programa\u00e7\u00e3o de palestras, minicursos, workshops, biblioteca inteiramente digital de livre acesso para a comunidade, v\u00eddeos, cartilhas, fotos e not\u00edcias sobre os \u00f3rg\u00e3os do Governo do Tocantins. Os conte\u00fados ficar\u00e3o dispon\u00edveis para acesso at\u00e9 30 dias ap\u00f3s o fim da Agrotins 2021 100% Digital.<\/p>\n\n\n\n<p><strong>Observat\u00f3rio<\/strong><\/p>\n\n\n\n<p>Na segunda-feira, 10, o governador Mauro Carlesse lan\u00e7ou o portal do Observat\u00f3rio do Turismo, o site promocional do Estado, o Guia da Pesca Esportiva e o Guia Pr\u00e1tico de Observa\u00e7\u00f5es de Aves, que permitir\u00e3o, aos amantes da pesca esportiva, da observa\u00e7\u00e3o de aves e viajantes em geral, terem acesso detalhado \u00e0s informa\u00e7\u00f5es tur\u00edsticas sobre o Tocantins.&nbsp;<\/p>\n\n\n\n<p>Desenvolvido com recursos do Banco Mundial, via Programa de Desenvolvimento Regional Integrado e Sustent\u00e1vel (PDRIS), o Observat\u00f3rio do Turismo re\u00fane dados coletados por meio de institui\u00e7\u00f5es p\u00fablicas e privadas, que poder\u00e3o ser acessadas pelo endere\u00e7o&nbsp;<a href=\"http:\/\/observatorio.turismo.to.gov.br\/\">observatorio.turismo.to.gov.br<\/a>. O site ter\u00e1 atualiza\u00e7\u00f5es constantes.<\/p>\n\n\n\n<p>O portal eletr\u00f4nico tem como objetivo sistematizar o retrato da economia do turismo regional, dividido por segmentos e atividades, al\u00e9m de facilitar o planejamento tanto da gest\u00e3o p\u00fablica quanto das empresas privadas voltadas \u00e0 atividade tur\u00edstica.&nbsp;<\/p>\n\n\n\n<p><br><strong>Juventude Empreendedora<\/strong><\/p>\n\n\n\n<p>Na quarta-feira, 12, o vice-governador Wanderlei Barbosa, representando o Governador Mauro Carlesse, lan\u00e7ou o programa Juventude Empreendedora, que visa capacitar de maneira gratuita e on-line, jovens entre 17 e 29 anos que desejam ser empreendedores.&nbsp;<\/p>\n\n\n\n<p>O programa \u00e9 uma realiza\u00e7\u00e3o do Conselho Nacional da Juventude (Conjuve) em parceria com o Governo do Tocantins, por meio da Secretaria de Estado da Educa\u00e7\u00e3o, Juventude e Esportes (Seduc) e da Ag\u00eancia de Fomento do Tocantins, da Besouro Ag\u00eancia de Fomento Social e do F\u00f3rum da Juventude da Comunidade dos Pa\u00edses de L\u00edngua Portuguesa (CPLP).<\/p>\n\n\n\n<p>A Ag\u00eancia de Fomento vai liberar linhas de cr\u00e9dito para os jovens que fizerem parte do programa, com juros baixos, car\u00eancia e prazos longos para que os novos empreendedores deem prosseguimento nos seus neg\u00f3cios.<\/p>\n\n\n\n<p><strong>Enfermagem<\/strong><\/p>\n\n\n\n<p>Na quinta-feira, 13, o Chefe do Executivo Estadual ratificou, em encontro com profissionais da Enfermagem, seu o apoio ao Projeto de Lei n\u00b0 2.564\/2020, que institui o piso salarial nacional para enfermeiros, t\u00e9cnicos, auxiliares de enfermagem e parteiras e determina a jornada m\u00e1xima de trabalho de enfermeiros. O governador Carlesse refor\u00e7ou seu m\u00e1ximo respeito pela luta da categoria e se colocou totalmente \u00e0 disposi\u00e7\u00e3o para auxiliar no que for necess\u00e1rio.<\/p>\n\n\n\n<p><strong>Unale<\/strong><\/p>\n\n\n\n<p>Durante a semana, o Governador recebeu a visita da presidente da Uni\u00e3o Nacional dos Legisladores e Legislativos Estaduais (Unale), deputada estadual Ivana Bastos, da Bahia. A presidente da Entidade frisou que avalia a Gest\u00e3o Estadual como eficiente e se colocou \u00e0 disposi\u00e7\u00e3o do Executivo, uma vez que a Unale conta com um grande banco de dados de 11 mil leis cadastradas que podem ser replicadas no Tocantins.<\/p>\n\n\n\n<p><strong>CDR<\/strong><\/p>\n\n\n\n<p>Nesta sexta-feira, 14, o governador Mauro Carlesse, recebeu em seu gabinete, os membros do Centro de Desenvolvimento Regional do Sul do Estado (CDR) para tratarem sobre aporte financeiro para o custeio da Carteira de Projetos do CDR que tem como objetivo o desenvolvimento econ\u00f4mico e social de 19 munic\u00edpios da regi\u00e3o metropolitana de Gurupi, incluindo Dian\u00f3polis. O Governador recebeu com entusiasmo o grupo e destacou a inten\u00e7\u00e3o de aplicar a metodologia do CDR para todas as regi\u00f5es do Tocantins.<\/p>\n\n\n\n<p><br><strong>Parque Pouso do Meio<\/strong><\/p>\n\n\n\n<p>Dando continuidade \u00e0s tratativas que visam a constru\u00e7\u00e3o do Parque Pouso do Meio, em Gurupi, o Chefe do Executivo reuniu-se nesta sexta-feira, 14, com a prefeita de Gurupi, Josi Nunes, e equipe de t\u00e9cnicos das gest\u00f5es estadual e municipal. A ideia \u00e9 implantar uma \u00e1rea de lazer com mais de 200 mil m\u00b2&nbsp;e um lago de 130 mil m\u00b2, constru\u00eddo \u00e0s margens do C\u00f3rrego Pouso do Meio, entre a Avenida Goi\u00e1s e a BR-153.<\/p>\n\n\n\n<p><br>O Parque Pouso do Meio deve contar com equipamentos para atividades f\u00edsicas, \u00e1reas de descanso em meio \u00e0 natureza, pistas de caminhada e de ciclismo, al\u00e9m do lago que ser\u00e1 formado com o represamento do c\u00f3rrego Pouso do Meio.&nbsp;<\/p>\n\n\n\n<figure class=\"wp-block-image\"><img decoding=\"async\" src=\"http:\/\/n1to.com.br\/img\/uploads\/cc.jpg\" alt=\"\"\/><\/figure>\n","protected":false},"excerpt":{"rendered":"<p>Audi\u00eancia com o presidente da Rep\u00fablica, Jair Bolsonaro, em busca de recursos para obras no Tocantins; lan\u00e7amentos da Feira Agrotecnol\u00f3gica do Tocantins (Agrotins) 2021 100% Digital e do portal Observat\u00f3rio do Turismo; busca por mais vacinas e novas medidas de preven\u00e7\u00e3o e combate a Covid-19. Esses foram alguns dos assuntos que pautaram a agenda do &hellip;<\/p>\n","protected":false},"author":5,"featured_media":1326,"comment_status":"open","ping_status":"open","sticky":true,"template":"","format":"standard","meta":{"footnotes":""},"categories":[39,1],"tags":[],"class_list":["post-1324","post","type-post","status-publish","format-standard","has-post-thumbnail","","category-estado","category-sem-categoria"],"_links":{"self":[{"href":"https:\/\/focotocantinense.com.br\/index.php?rest_route=\/wp\/v2\/posts\/1324","targetHints":{"allow":["GET"]}}],"collection":[{"href":"https:\/\/focotocantinense.com.br\/index.php?rest_route=\/wp\/v2\/posts"}],"about":[{"href":"https:\/\/focotocantinense.com.br\/index.php?rest_route=\/wp\/v2\/types\/post"}],"author":[{"embeddable":true,"href":"https:\/\/focotocantinense.com.br\/index.php?rest_route=\/wp\/v2\/users\/5"}],"replies":[{"embeddable":true,"href":"https:\/\/focotocantinense.com.br\/index.php?rest_route=%2Fwp%2Fv2%2Fcomments&post=1324"}],"version-history":[{"count":1,"href":"https:\/\/focotocantinense.com.br\/index.php?rest_route=\/wp\/v2\/posts\/1324\/revisions"}],"predecessor-version":[{"id":1325,"href":"https:\/\/focotocantinense.com.br\/index.php?rest_route=\/wp\/v2\/posts\/1324\/revisions\/1325"}],"wp:featuredmedia":[{"embeddable":true,"href":"https:\/\/focotocantinense.com.br\/index.php?rest_route=\/wp\/v2\/media\/1326"}],"wp:attachment":[{"href":"https:\/\/focotocantinense.com.br\/index.php?rest_route=%2Fwp%2Fv2%2Fmedia&parent=1324"}],"wp:term":[{"taxonomy":"category","embeddable":true,"href":"https:\/\/focotocantinense.com.br\/index.php?rest_route=%2Fwp%2Fv2%2Fcategories&post=1324"},{"taxonomy":"post_tag","embeddable":true,"href":"https:\/\/focotocantinense.com.br\/index.php?rest_route=%2Fwp%2Fv2%2Ftags&post=1324"}],"curies":[{"name":"wp","href":"https:\/\/api.w.org\/{rel}","templated":true}]}}