{"id":1319,"date":"2021-05-14T11:30:38","date_gmt":"2021-05-14T14:30:38","guid":{"rendered":"http:\/\/focotocantinense.com.br\/?p=1319"},"modified":"2021-05-14T11:31:33","modified_gmt":"2021-05-14T14:31:33","slug":"livros-para-suporte-a-alfabetizacao-de-alunos-do-1o-ao-3o-ano-sao-adquiridos-pela-semed-de-cariri-do-tocantins","status":"publish","type":"post","link":"https:\/\/focotocantinense.com.br\/?p=1319","title":{"rendered":"Livros para suporte \u00e0 alfabetiza\u00e7\u00e3o de alunos do 1\u00ba ao 3\u00ba ano s\u00e3o adquiridos pela Semed de Cariri do Tocantins"},"content":{"rendered":"\n<p>A Secretaria Municipal de Educa\u00e7\u00e3o (Semed) de Cariri do Tocantins, por interm\u00e9dio do Fundo Municipal de Educa\u00e7\u00e3o, adquiriu livros de Matem\u00e1tica e L\u00edngua Portuguesa para auxiliar no processo de alfabetiza\u00e7\u00e3o dos estudantes matriculados em turmas do 1\u00ba ao 3\u00ba ano da Escola Municipal Divina Ribeiro Borges, durante o per\u00edodo de aulas remotas.<\/p>\n\n\n\n<p>Os livros dever\u00e3o ser distribu\u00eddos a partir do dia 25\/05, aos pais ou respons\u00e1veis pelos alunos das turmas mencionadas, durante a entrega das atividades de apoio did\u00e1tico para execu\u00e7\u00e3o das aulas n\u00e3o presenciais; e os alunos que residem na zona rural do munic\u00edpio e que fazem parte das turmas contempladas receber\u00e3o os livros em suas pr\u00f3prias resid\u00eancias.<\/p>\n\n\n\n<p>Os materiais adquiridos foram analisados previamente pela equipe pedag\u00f3gica municipal com o prop\u00f3sito de garantir facilidade de compreens\u00e3o ao aluno, mediante as atividades variadas inclusas nos livros e estimular a aprendizagem dos mesmos; contribuindo ainda com a pr\u00e1tica pedag\u00f3gica e o processo de alfabetiza\u00e7\u00e3o de modo pr\u00e1tico e eficaz.<\/p>\n\n\n\n<p>Conforme informa\u00e7\u00f5es cedidas pela Semed, a a\u00e7\u00e3o cumpre com uma das metas do Plano Municipal de Educa\u00e7\u00e3o, que prop\u00f5e alfabetizar todas as crian\u00e7as no m\u00e1ximo at\u00e9 o final do 3\u00ba ano do Ensino Fundamental, mediante a aquisi\u00e7\u00e3o de materiais pedag\u00f3gicos e tecnol\u00f3gicos que facilitem a alfabetiza\u00e7\u00e3o plena dos estudantes.<\/p>\n\n\n\n<p>\u201cEstamos muito satisfeitos com mais esta conquista da educa\u00e7\u00e3o municipal em benef\u00edcio dos alunos que est\u00e3o em fase de alfabetiza\u00e7\u00e3o, pois acreditamos que por meio destes materiais, nossos estudantes do 1\u00ba ao 3\u00ba ano ter\u00e3o mais uma op\u00e7\u00e3o de suporte para auxili\u00e1-los durante as aulas remotas\u201d; comentou a secret\u00e1ria municipal de educa\u00e7\u00e3o, Solange Santana.<\/p>\n\n\n\n<figure class=\"wp-block-image size-large\"><img loading=\"lazy\" decoding=\"async\" width=\"1024\" height=\"561\" src=\"http:\/\/focotocantinense.com.br\/wp-content\/uploads\/2021\/05\/image-10-1024x561.png\" alt=\"\" class=\"wp-image-1320\" srcset=\"https:\/\/focotocantinense.com.br\/wp-content\/uploads\/2021\/05\/image-10-1024x561.png 1024w, https:\/\/focotocantinense.com.br\/wp-content\/uploads\/2021\/05\/image-10-300x164.png 300w, https:\/\/focotocantinense.com.br\/wp-content\/uploads\/2021\/05\/image-10-768x421.png 768w, https:\/\/focotocantinense.com.br\/wp-content\/uploads\/2021\/05\/image-10.png 1323w\" sizes=\"auto, (max-width: 1024px) 100vw, 1024px\" \/><\/figure>\n","protected":false},"excerpt":{"rendered":"<p>A Secretaria Municipal de Educa\u00e7\u00e3o (Semed) de Cariri do Tocantins, por interm\u00e9dio do Fundo Municipal de Educa\u00e7\u00e3o, adquiriu livros de Matem\u00e1tica e L\u00edngua Portuguesa para auxiliar no processo de alfabetiza\u00e7\u00e3o dos estudantes matriculados em turmas do 1\u00ba ao 3\u00ba ano da Escola Municipal Divina Ribeiro Borges, durante o per\u00edodo de aulas remotas. Os livros dever\u00e3o &hellip;<\/p>\n","protected":false},"author":5,"featured_media":1322,"comment_status":"open","ping_status":"open","sticky":false,"template":"","format":"standard","meta":{"footnotes":""},"categories":[65,1],"tags":[],"class_list":["post-1319","post","type-post","status-publish","format-standard","has-post-thumbnail","","category-cariri","category-sem-categoria"],"_links":{"self":[{"href":"https:\/\/focotocantinense.com.br\/index.php?rest_route=\/wp\/v2\/posts\/1319","targetHints":{"allow":["GET"]}}],"collection":[{"href":"https:\/\/focotocantinense.com.br\/index.php?rest_route=\/wp\/v2\/posts"}],"about":[{"href":"https:\/\/focotocantinense.com.br\/index.php?rest_route=\/wp\/v2\/types\/post"}],"author":[{"embeddable":true,"href":"https:\/\/focotocantinense.com.br\/index.php?rest_route=\/wp\/v2\/users\/5"}],"replies":[{"embeddable":true,"href":"https:\/\/focotocantinense.com.br\/index.php?rest_route=%2Fwp%2Fv2%2Fcomments&post=1319"}],"version-history":[{"count":1,"href":"https:\/\/focotocantinense.com.br\/index.php?rest_route=\/wp\/v2\/posts\/1319\/revisions"}],"predecessor-version":[{"id":1321,"href":"https:\/\/focotocantinense.com.br\/index.php?rest_route=\/wp\/v2\/posts\/1319\/revisions\/1321"}],"wp:featuredmedia":[{"embeddable":true,"href":"https:\/\/focotocantinense.com.br\/index.php?rest_route=\/wp\/v2\/media\/1322"}],"wp:attachment":[{"href":"https:\/\/focotocantinense.com.br\/index.php?rest_route=%2Fwp%2Fv2%2Fmedia&parent=1319"}],"wp:term":[{"taxonomy":"category","embeddable":true,"href":"https:\/\/focotocantinense.com.br\/index.php?rest_route=%2Fwp%2Fv2%2Fcategories&post=1319"},{"taxonomy":"post_tag","embeddable":true,"href":"https:\/\/focotocantinense.com.br\/index.php?rest_route=%2Fwp%2Fv2%2Ftags&post=1319"}],"curies":[{"name":"wp","href":"https:\/\/api.w.org\/{rel}","templated":true}]}}