{"id":1316,"date":"2021-05-14T10:11:30","date_gmt":"2021-05-14T13:11:30","guid":{"rendered":"https:\/\/focotocantinense.com.br\/?p=1316"},"modified":"2021-05-14T10:11:32","modified_gmt":"2021-05-14T13:11:32","slug":"brk-ambiental-lanca-plataforma-para-cadastro-de-curriculos-e-contratacao-de-profissionais","status":"publish","type":"post","link":"https:\/\/focotocantinense.com.br\/?p=1316","title":{"rendered":"BRK Ambiental lan\u00e7a plataforma para cadastro de curr\u00edculos e contrata\u00e7\u00e3o de profissionais"},"content":{"rendered":"\n<p>Para tornar mais acess\u00edvel a divulga\u00e7\u00e3o de vagas de emprego e ampliar a atra\u00e7\u00e3o de talentos locais, a BRK Ambiental, empresa respons\u00e1vel pelos servi\u00e7os de \u00e1gua e esgoto em 47 cidades do Tocantins, lan\u00e7a uma plataforma para cadastro de curr\u00edculos e divulga\u00e7\u00e3o de vagas, dispon\u00edvel pelo site da concession\u00e1ria, no link&nbsp;<a href=\"\/Users\/carolina.florencio.MCCI\/Desktop\/www.brkambiental.com.br\/trabalhe-conosco\" target=\"_blank\" rel=\"noreferrer noopener\">www.brkambiental.com.br\/trabalhe-conosco<\/a>.&nbsp;<\/p>\n\n\n\n<p>O projeto \u00e9 uma das a\u00e7\u00f5es promovidas pela empresa para refor\u00e7ar o seu compromisso com a gera\u00e7\u00e3o de oportunidades de trabalho nas regi\u00f5es em que atua. O objetivo \u00e9 criar um canal que permita a divulga\u00e7\u00e3o de vagas e funcione tamb\u00e9m como um banco de curr\u00edculos, garantindo a identifica\u00e7\u00e3o de profissionais j\u00e1 cadastrados na plataforma para atuar em diferentes \u00e1reas da companhia. A ferramenta \u00e9 destinada \u00e0s pessoas que desejam fazer parte da BRK Ambiental, al\u00e9m de funcion\u00e1rios que j\u00e1 trabalham na companhia, mas que desejam atuar em outras \u00e1reas. &nbsp;<\/p>\n\n\n\n<p>\u201cA plataforma \u00e9 um verdadeiro banco de talentos, que torna mais simples e \u00e1gil o processo de sele\u00e7\u00e3o. Nosso objetivo \u00e9 identificar pessoas que estejam engajadas com o prop\u00f3sito da BRK Ambiental, que \u00e9 promover a transforma\u00e7\u00e3o da vida das pessoas por meio dos servi\u00e7os de saneamento de qualidade. Cada vez mais, queremos contar com pessoas que possam contribuir com o desafio do saneamento\u201d, refor\u00e7a o gerente de RH, M\u00e1rcio Fachim.&nbsp;<\/p>\n\n\n\n<p>Para a sele\u00e7\u00e3o de profissionais, a BRK Ambiental refor\u00e7a o seu comprometimento com o respeito, a diversidade e a valoriza\u00e7\u00e3o do potencial de cada profissional. Na companhia, o processo seletivo prioriza a valoriza\u00e7\u00e3o de pessoas de diferentes tradi\u00e7\u00f5es e com viv\u00eancias distintas, sempre com o objetivo de agregar diversos pontos de vista em um mesmo ambiente.&nbsp; Al\u00e9m da nova plataforma, dispon\u00edvel no site da concession\u00e1ria, a BRK Ambiental tamb\u00e9m divulga oportunidades de vagas no <a href=\"http:\/\/linkedin.com\/company\/brkambiental\/\" target=\"_blank\" rel=\"noreferrer noopener\">LinkedIn da companhia<\/a>. &nbsp;<\/p>\n","protected":false},"excerpt":{"rendered":"<p>Para tornar mais acess\u00edvel a divulga\u00e7\u00e3o de vagas de emprego e ampliar a atra\u00e7\u00e3o de talentos locais, a BRK Ambiental, empresa respons\u00e1vel pelos servi\u00e7os de \u00e1gua e esgoto em 47 cidades do Tocantins, lan\u00e7a uma plataforma para cadastro de curr\u00edculos e divulga\u00e7\u00e3o de vagas, dispon\u00edvel pelo site da concession\u00e1ria, no link&nbsp;www.brkambiental.com.br\/trabalhe-conosco.&nbsp; O projeto \u00e9 uma &hellip;<\/p>\n","protected":false},"author":1,"featured_media":1317,"comment_status":"open","ping_status":"open","sticky":false,"template":"","format":"standard","meta":{"footnotes":""},"categories":[39,1],"tags":[],"class_list":["post-1316","post","type-post","status-publish","format-standard","has-post-thumbnail","","category-estado","category-sem-categoria"],"_links":{"self":[{"href":"https:\/\/focotocantinense.com.br\/index.php?rest_route=\/wp\/v2\/posts\/1316","targetHints":{"allow":["GET"]}}],"collection":[{"href":"https:\/\/focotocantinense.com.br\/index.php?rest_route=\/wp\/v2\/posts"}],"about":[{"href":"https:\/\/focotocantinense.com.br\/index.php?rest_route=\/wp\/v2\/types\/post"}],"author":[{"embeddable":true,"href":"https:\/\/focotocantinense.com.br\/index.php?rest_route=\/wp\/v2\/users\/1"}],"replies":[{"embeddable":true,"href":"https:\/\/focotocantinense.com.br\/index.php?rest_route=%2Fwp%2Fv2%2Fcomments&post=1316"}],"version-history":[{"count":1,"href":"https:\/\/focotocantinense.com.br\/index.php?rest_route=\/wp\/v2\/posts\/1316\/revisions"}],"predecessor-version":[{"id":1318,"href":"https:\/\/focotocantinense.com.br\/index.php?rest_route=\/wp\/v2\/posts\/1316\/revisions\/1318"}],"wp:featuredmedia":[{"embeddable":true,"href":"https:\/\/focotocantinense.com.br\/index.php?rest_route=\/wp\/v2\/media\/1317"}],"wp:attachment":[{"href":"https:\/\/focotocantinense.com.br\/index.php?rest_route=%2Fwp%2Fv2%2Fmedia&parent=1316"}],"wp:term":[{"taxonomy":"category","embeddable":true,"href":"https:\/\/focotocantinense.com.br\/index.php?rest_route=%2Fwp%2Fv2%2Fcategories&post=1316"},{"taxonomy":"post_tag","embeddable":true,"href":"https:\/\/focotocantinense.com.br\/index.php?rest_route=%2Fwp%2Fv2%2Ftags&post=1316"}],"curies":[{"name":"wp","href":"https:\/\/api.w.org\/{rel}","templated":true}]}}