{"id":1311,"date":"2021-05-13T18:17:47","date_gmt":"2021-05-13T21:17:47","guid":{"rendered":"http:\/\/focotocantinense.com.br\/?p=1311"},"modified":"2021-05-13T18:18:59","modified_gmt":"2021-05-13T21:18:59","slug":"conselho-estadual-dos-direitos-da-pessoa-idosa-promove-roda-de-conversa-para-fortalecimento-da-rede-de-protecao","status":"publish","type":"post","link":"https:\/\/focotocantinense.com.br\/?p=1311","title":{"rendered":"Conselho Estadual dos Direitos da Pessoa Idosa promove roda de conversa para fortalecimento da Rede de Prote\u00e7\u00e3o"},"content":{"rendered":"\n<p>om o objetivo de defender os direitos da pessoa idosa, o Conselho Estadual dos Direitos da Pessoa Idosa (Cedi)&nbsp;promoveu, nesta quinta-feira, 13, uma roda de conversa com os gestores estaduais \u00e0 frente desta Pol\u00edtica de Atendimento no estado do Tocantins. A reuni\u00e3o teve como tema&nbsp;<em>Reativando Conselhos Municipais da Pessoa Idosa&nbsp;<\/em>e obedeceu aos protocolos de seguran\u00e7a para o controle da dissemina\u00e7\u00e3o do novo Coronav\u00edrus.<\/p>\n\n\n\n<p>A presidente do Cedi, Amanda Costa, falou que a reuni\u00e3o teve o objetivo de fortalecer a Rede. \u201cA perspectiva \u00e9 que estes \u00f3rg\u00e3os possam continuar fazendo suas reuni\u00f5es e o levantamento de necessidades. Quanto aos munic\u00edpios que n\u00e3o possuam um fundo do idoso, que eles possam institu\u00ed-lo a fim de receber recursos externos e fortalecer a Pol\u00edtica de Atendimento em seus munic\u00edpios. O momento foi muito proveitoso e contou com a participa\u00e7\u00e3o de representantes dos munic\u00edpios de Anan\u00e1s, Aragua\u00edna, Arraias, Gurupi, Ja\u00fa do Tocantins, Mateiros, Monte do Carmo, Pau D\u2019Arco, Pedro Afonso, Pium, Recursol\u00e2ndia, Santa Tereza, S\u00e3o Salvador, Talism\u00e3 e Tocant\u00ednia\u201d, avaliou a presidente.<\/p>\n\n\n\n<p>A conselheira do Cedi, Sandra Leit\u00e3o, afirmou&nbsp;que a Roda de Conversa tamb\u00e9m teve a finalidade de estimular a reativa\u00e7\u00e3o dos conselhos municipais de direitos da pessoa idosa. \u201cCom a pandemia, esse processo foi reduzido devido a diversos fatores:&nbsp;aus\u00eancia de visitas, estrutura f\u00edsica e de pessoal dos conselhos. Desta forma, as secretarias executivas foram orientadas a reativar os conselhos municipais dos direitos da pessoa idosa, fazendo um resgate do ponto em que o conselho parou de funcionar e como retomar sua ativa\u00e7\u00e3o, seja presencial ou on-line\u201d, sintetizou.<\/p>\n\n\n\n<p><strong>A\u00e7\u00f5es em Gurupi<\/strong><\/p>\n\n\n\n<p>J\u00e1 o diretor do Idoso da Secretaria Municipal de Assist\u00eancia Social de Gurupi, Vin\u00edcius Martins, &nbsp;&nbsp;informou que a gest\u00e3o da prefeita Josi Nunes tem a preocupa\u00e7\u00e3o de se buscar mecanismos&nbsp; para fomentar&nbsp; as pol\u00edticas p\u00fablicas voltadas \u00e0s pessoas idosas e&nbsp; &nbsp;que&nbsp; v\u00e1rias a\u00e7\u00f5es&nbsp; est\u00e3o sendo desenvolvidas&nbsp; nesse sentido em Gurupi, com resultados altamente positivos, e destacou&nbsp; o importante papel&nbsp;Conselho Estadual dos Direitos da Pessoa Idosa , sempre apoiando as a\u00e7\u00f5es desenvolvidas pelos Conselhos Municipais.<\/p>\n\n\n\n<p><strong>Cedi<\/strong><\/p>\n\n\n\n<p>Vinculado \u00e0 Secretaria de Estado do Trabalho e Desenvolvimento Social (Setas) pela Lei vigente n\u00b0&nbsp;2.087, de 6 de julho de 2009, o Cedi \u00e9 um \u00f3rg\u00e3o de car\u00e1ter permanente e deliberativo, composto por membros representantes do Poder Executivo, da sociedade civil e de entidades n\u00e3o governamentais de atendimento \u00e0 pessoa idosa. Ele tem por finalidade dispor sobre a defini\u00e7\u00e3o, o controle e a fiscaliza\u00e7\u00e3o das a\u00e7\u00f5es dirigidas \u00e0 prote\u00e7\u00e3o, defesa e garantia dos direitos do idoso, bem como acompanhar e avaliar sua execu\u00e7\u00e3o.<\/p>\n\n\n\n<figure class=\"wp-block-image size-large\"><img loading=\"lazy\" decoding=\"async\" width=\"858\" height=\"503\" src=\"http:\/\/focotocantinense.com.br\/wp-content\/uploads\/2021\/05\/image-9.png\" alt=\"\" class=\"wp-image-1312\" srcset=\"https:\/\/focotocantinense.com.br\/wp-content\/uploads\/2021\/05\/image-9.png 858w, https:\/\/focotocantinense.com.br\/wp-content\/uploads\/2021\/05\/image-9-300x176.png 300w, https:\/\/focotocantinense.com.br\/wp-content\/uploads\/2021\/05\/image-9-768x450.png 768w\" sizes=\"auto, (max-width: 858px) 100vw, 858px\" \/><\/figure>\n","protected":false},"excerpt":{"rendered":"<p>om o objetivo de defender os direitos da pessoa idosa, o Conselho Estadual dos Direitos da Pessoa Idosa (Cedi)&nbsp;promoveu, nesta quinta-feira, 13, uma roda de conversa com os gestores estaduais \u00e0 frente desta Pol\u00edtica de Atendimento no estado do Tocantins. A reuni\u00e3o teve como tema&nbsp;Reativando Conselhos Municipais da Pessoa Idosa&nbsp;e obedeceu aos protocolos de seguran\u00e7a &hellip;<\/p>\n","protected":false},"author":5,"featured_media":1314,"comment_status":"open","ping_status":"open","sticky":true,"template":"","format":"standard","meta":{"footnotes":""},"categories":[1],"tags":[90],"class_list":["post-1311","post","type-post","status-publish","format-standard","has-post-thumbnail","","category-sem-categoria","tag-vinicius-martins"],"_links":{"self":[{"href":"https:\/\/focotocantinense.com.br\/index.php?rest_route=\/wp\/v2\/posts\/1311","targetHints":{"allow":["GET"]}}],"collection":[{"href":"https:\/\/focotocantinense.com.br\/index.php?rest_route=\/wp\/v2\/posts"}],"about":[{"href":"https:\/\/focotocantinense.com.br\/index.php?rest_route=\/wp\/v2\/types\/post"}],"author":[{"embeddable":true,"href":"https:\/\/focotocantinense.com.br\/index.php?rest_route=\/wp\/v2\/users\/5"}],"replies":[{"embeddable":true,"href":"https:\/\/focotocantinense.com.br\/index.php?rest_route=%2Fwp%2Fv2%2Fcomments&post=1311"}],"version-history":[{"count":2,"href":"https:\/\/focotocantinense.com.br\/index.php?rest_route=\/wp\/v2\/posts\/1311\/revisions"}],"predecessor-version":[{"id":1315,"href":"https:\/\/focotocantinense.com.br\/index.php?rest_route=\/wp\/v2\/posts\/1311\/revisions\/1315"}],"wp:featuredmedia":[{"embeddable":true,"href":"https:\/\/focotocantinense.com.br\/index.php?rest_route=\/wp\/v2\/media\/1314"}],"wp:attachment":[{"href":"https:\/\/focotocantinense.com.br\/index.php?rest_route=%2Fwp%2Fv2%2Fmedia&parent=1311"}],"wp:term":[{"taxonomy":"category","embeddable":true,"href":"https:\/\/focotocantinense.com.br\/index.php?rest_route=%2Fwp%2Fv2%2Fcategories&post=1311"},{"taxonomy":"post_tag","embeddable":true,"href":"https:\/\/focotocantinense.com.br\/index.php?rest_route=%2Fwp%2Fv2%2Ftags&post=1311"}],"curies":[{"name":"wp","href":"https:\/\/api.w.org\/{rel}","templated":true}]}}