{"id":1308,"date":"2021-05-13T16:23:16","date_gmt":"2021-05-13T19:23:16","guid":{"rendered":"https:\/\/focotocantinense.com.br\/?p=1308"},"modified":"2021-05-13T16:23:19","modified_gmt":"2021-05-13T19:23:19","slug":"ataides-oliveira-vai-ao-bico-do-papagaio-discutir-projeto-para-o-tocantins","status":"publish","type":"post","link":"https:\/\/focotocantinense.com.br\/?p=1308","title":{"rendered":"Ata\u00eddes Oliveira vai ao Bico do Papagaio discutir projeto para o Tocantins"},"content":{"rendered":"\n<p>Empres\u00e1rio e ex-senador, Ata\u00eddes Oliveira, iniciou visita ao Bico do Papagaio nesta segunda-feira, 10, para encontrar com l\u00edderes pol\u00edticos dos munic\u00edpios da regi\u00e3o. Al\u00e9m de lan\u00e7ar o livro \u2018\u2019 VEREADOR CAPACITADO, MANDATO EFICIENTE, que traz conte\u00fado com inten\u00e7\u00e3o de ajudar na forma\u00e7\u00e3o dos vereadores, Ata\u00eddes busca ouvir as demandas e discutir ideias que criem oportunidades de emprego e renda para a regi\u00e3o.<\/p>\n\n\n\n<p>&#8220;O Tocantins tem potencialidades que tornam o estado um dos mais ricos do pa\u00eds, mas infelizmente a popula\u00e7\u00e3o tocantinense \u00e9 uma das mais pobres do Brasil&#8221;, afirma Ata\u00eddes Oliveira. As visitas seguem nos pr\u00f3ximos 15 dias e devem nortear as ideias para um projeto que vai propor o desenvolvimento do Tocantins a partir de 2022.<\/p>\n\n\n\n<p>Por.(Ascom Pros TO)<\/p>\n","protected":false},"excerpt":{"rendered":"<p>Empres\u00e1rio e ex-senador, Ata\u00eddes Oliveira, iniciou visita ao Bico do Papagaio nesta segunda-feira, 10, para encontrar com l\u00edderes pol\u00edticos dos munic\u00edpios da regi\u00e3o. Al\u00e9m de lan\u00e7ar o livro \u2018\u2019 VEREADOR CAPACITADO, MANDATO EFICIENTE, que traz conte\u00fado com inten\u00e7\u00e3o de ajudar na forma\u00e7\u00e3o dos vereadores, Ata\u00eddes busca ouvir as demandas e discutir ideias que criem oportunidades &hellip;<\/p>\n","protected":false},"author":1,"featured_media":1309,"comment_status":"open","ping_status":"open","sticky":false,"template":"","format":"standard","meta":{"footnotes":""},"categories":[1],"tags":[],"class_list":["post-1308","post","type-post","status-publish","format-standard","has-post-thumbnail","","category-sem-categoria"],"_links":{"self":[{"href":"https:\/\/focotocantinense.com.br\/index.php?rest_route=\/wp\/v2\/posts\/1308","targetHints":{"allow":["GET"]}}],"collection":[{"href":"https:\/\/focotocantinense.com.br\/index.php?rest_route=\/wp\/v2\/posts"}],"about":[{"href":"https:\/\/focotocantinense.com.br\/index.php?rest_route=\/wp\/v2\/types\/post"}],"author":[{"embeddable":true,"href":"https:\/\/focotocantinense.com.br\/index.php?rest_route=\/wp\/v2\/users\/1"}],"replies":[{"embeddable":true,"href":"https:\/\/focotocantinense.com.br\/index.php?rest_route=%2Fwp%2Fv2%2Fcomments&post=1308"}],"version-history":[{"count":1,"href":"https:\/\/focotocantinense.com.br\/index.php?rest_route=\/wp\/v2\/posts\/1308\/revisions"}],"predecessor-version":[{"id":1310,"href":"https:\/\/focotocantinense.com.br\/index.php?rest_route=\/wp\/v2\/posts\/1308\/revisions\/1310"}],"wp:featuredmedia":[{"embeddable":true,"href":"https:\/\/focotocantinense.com.br\/index.php?rest_route=\/wp\/v2\/media\/1309"}],"wp:attachment":[{"href":"https:\/\/focotocantinense.com.br\/index.php?rest_route=%2Fwp%2Fv2%2Fmedia&parent=1308"}],"wp:term":[{"taxonomy":"category","embeddable":true,"href":"https:\/\/focotocantinense.com.br\/index.php?rest_route=%2Fwp%2Fv2%2Fcategories&post=1308"},{"taxonomy":"post_tag","embeddable":true,"href":"https:\/\/focotocantinense.com.br\/index.php?rest_route=%2Fwp%2Fv2%2Ftags&post=1308"}],"curies":[{"name":"wp","href":"https:\/\/api.w.org\/{rel}","templated":true}]}}