{"id":1305,"date":"2021-05-13T16:19:23","date_gmt":"2021-05-13T19:19:23","guid":{"rendered":"http:\/\/focotocantinense.com.br\/?p=1305"},"modified":"2021-05-13T16:19:26","modified_gmt":"2021-05-13T19:19:26","slug":"mpto-apura-falhas-na-coleta-de-lixo-em-bairros-de-gurupi","status":"publish","type":"post","link":"https:\/\/focotocantinense.com.br\/?p=1305","title":{"rendered":"MPTO apura falhas na coleta de lixo em bairros de Gurupi"},"content":{"rendered":"\n<p>Um Procedimento Preparat\u00f3rio foi instaurado pelo Minist\u00e9rio P\u00fablico do Tocantins (MPTO) nesta quarta-feira, 12, para investigar den\u00fancias de que o Munic\u00edpio de Gurupi n\u00e3o vem realizando a coleta de lixo em v\u00e1rios setores, o que tem ocasionado o ac\u00famulo de lixo e o aumento da prolifera\u00e7\u00e3o de insetos e roedores.<\/p>\n\n\n\n<p>O promotor de Justi\u00e7a Marcelo Lima Nunes, titular da 6\u00aa Promotoria de Justi\u00e7a de Gurupi e respons\u00e1vel pelo caso, alerta que \u201ca coleta de lixo constitui servi\u00e7o essencial, imprescind\u00edvel \u00e0 manuten\u00e7\u00e3o da sa\u00fade p\u00fablica, o que o torna submisso \u00e0 regra da continuidade\u201d. Foram encaminhados of\u00edcios ao secret\u00e1rio municipal de Infraestrutura e \u00e0 prefeita de Gurupi, requisitando, no prazo m\u00e1ximo de 15 dias, justificativa acerca da aus\u00eancia da coleta regular do lixo em v\u00e1rios setores da cidade, bem como comprova\u00e7\u00e3o documental acerca da regularidade no fornecimento do servi\u00e7o em toda a municipalidade.\u00a0<\/p>\n\n\n\n<p>Por <em>(Jo\u00e3o Lino Cavalcante)<\/em><\/p>\n","protected":false},"excerpt":{"rendered":"<p>Um Procedimento Preparat\u00f3rio foi instaurado pelo Minist\u00e9rio P\u00fablico do Tocantins (MPTO) nesta quarta-feira, 12, para investigar den\u00fancias de que o Munic\u00edpio de Gurupi n\u00e3o vem realizando a coleta de lixo em v\u00e1rios setores, o que tem ocasionado o ac\u00famulo de lixo e o aumento da prolifera\u00e7\u00e3o de insetos e roedores. O promotor de Justi\u00e7a Marcelo &hellip;<\/p>\n","protected":false},"author":1,"featured_media":1306,"comment_status":"open","ping_status":"open","sticky":false,"template":"","format":"standard","meta":{"footnotes":""},"categories":[1],"tags":[],"class_list":["post-1305","post","type-post","status-publish","format-standard","has-post-thumbnail","","category-sem-categoria"],"_links":{"self":[{"href":"https:\/\/focotocantinense.com.br\/index.php?rest_route=\/wp\/v2\/posts\/1305","targetHints":{"allow":["GET"]}}],"collection":[{"href":"https:\/\/focotocantinense.com.br\/index.php?rest_route=\/wp\/v2\/posts"}],"about":[{"href":"https:\/\/focotocantinense.com.br\/index.php?rest_route=\/wp\/v2\/types\/post"}],"author":[{"embeddable":true,"href":"https:\/\/focotocantinense.com.br\/index.php?rest_route=\/wp\/v2\/users\/1"}],"replies":[{"embeddable":true,"href":"https:\/\/focotocantinense.com.br\/index.php?rest_route=%2Fwp%2Fv2%2Fcomments&post=1305"}],"version-history":[{"count":1,"href":"https:\/\/focotocantinense.com.br\/index.php?rest_route=\/wp\/v2\/posts\/1305\/revisions"}],"predecessor-version":[{"id":1307,"href":"https:\/\/focotocantinense.com.br\/index.php?rest_route=\/wp\/v2\/posts\/1305\/revisions\/1307"}],"wp:featuredmedia":[{"embeddable":true,"href":"https:\/\/focotocantinense.com.br\/index.php?rest_route=\/wp\/v2\/media\/1306"}],"wp:attachment":[{"href":"https:\/\/focotocantinense.com.br\/index.php?rest_route=%2Fwp%2Fv2%2Fmedia&parent=1305"}],"wp:term":[{"taxonomy":"category","embeddable":true,"href":"https:\/\/focotocantinense.com.br\/index.php?rest_route=%2Fwp%2Fv2%2Fcategories&post=1305"},{"taxonomy":"post_tag","embeddable":true,"href":"https:\/\/focotocantinense.com.br\/index.php?rest_route=%2Fwp%2Fv2%2Ftags&post=1305"}],"curies":[{"name":"wp","href":"https:\/\/api.w.org\/{rel}","templated":true}]}}