{"id":1300,"date":"2021-05-13T14:58:02","date_gmt":"2021-05-13T17:58:02","guid":{"rendered":"https:\/\/focotocantinense.com.br\/?p=1300"},"modified":"2021-05-13T14:59:21","modified_gmt":"2021-05-13T17:59:21","slug":"controladoria-geral-da-uniao-utilizara-dados-fornecidos-pelo-mpto-para-fiscalizar-vacinacao-contra-covid-19","status":"publish","type":"post","link":"https:\/\/focotocantinense.com.br\/?p=1300","title":{"rendered":"Controladoria-Geral da Uni\u00e3o utilizar\u00e1 dados fornecidos pelo MPTO para fiscalizar vacina\u00e7\u00e3o contra Covid-19"},"content":{"rendered":"\n<p>O Minist\u00e9rio P\u00fablico do Tocantins (MPTO) ir\u00e1 fornecer a lista das pessoas vacinadas no munic\u00edpio de Palmas para que a Controladoria-Geral da Uni\u00e3o (CGU) fiscalize a vacina\u00e7\u00e3o contra Covid-19 na capital tocantinense. A decis\u00e3o foi tomada em reuni\u00e3o do Gabinete Permanente Interinstitucional (GPI) realizada nesta ter\u00e7a-feira, 11 de maio.<\/p>\n\n\n\n<p>O GPI \u00e9 composto por representantes do MPTO, Minist\u00e9rio P\u00fablico Federal e Minist\u00e9rio P\u00fablico do Trabalho. A reuni\u00e3o desta ter\u00e7a-feira teve como objetivo tra\u00e7ar estrat\u00e9gias para refor\u00e7ar a fiscaliza\u00e7\u00e3o da vacina\u00e7\u00e3o no Estado do Tocantins.<\/p>\n\n\n\n<p>\u201cA ideia \u00e9 que sejam realizadas a\u00e7\u00f5es de fiscaliza\u00e7\u00e3o com base nos bancos de dados nacionais e estaduais para acompanhar os munic\u00edpios tocantinenses que est\u00e3o mais atrasados na aplica\u00e7\u00e3o das vacinas distribu\u00eddas pelo Governo Federal\u201d, disse a promotora de Justi\u00e7a Ara\u00edna Ces\u00e1rea D\u2019Alessandro.<\/p>\n\n\n\n<p>Ainda de acordo com a representante do MPTO, a equipe da Controladoria-Geral da Uni\u00e3o far\u00e1 inspe\u00e7\u00f5es para verificar as condi\u00e7\u00f5es de armazenamento e estoque dos imunizantes.\u00a0<\/p>\n\n\n\n<p>Por: <em>(Jo\u00e3o Lino Cavalcante)<\/em><\/p>\n","protected":false},"excerpt":{"rendered":"<p>O Minist\u00e9rio P\u00fablico do Tocantins (MPTO) ir\u00e1 fornecer a lista das pessoas vacinadas no munic\u00edpio de Palmas para que a Controladoria-Geral da Uni\u00e3o (CGU) fiscalize a vacina\u00e7\u00e3o contra Covid-19 na capital tocantinense. A decis\u00e3o foi tomada em reuni\u00e3o do Gabinete Permanente Interinstitucional (GPI) realizada nesta ter\u00e7a-feira, 11 de maio. O GPI \u00e9 composto por representantes &hellip;<\/p>\n","protected":false},"author":1,"featured_media":1301,"comment_status":"open","ping_status":"open","sticky":false,"template":"","format":"standard","meta":{"footnotes":""},"categories":[39,1],"tags":[],"class_list":["post-1300","post","type-post","status-publish","format-standard","has-post-thumbnail","","category-estado","category-sem-categoria"],"_links":{"self":[{"href":"https:\/\/focotocantinense.com.br\/index.php?rest_route=\/wp\/v2\/posts\/1300","targetHints":{"allow":["GET"]}}],"collection":[{"href":"https:\/\/focotocantinense.com.br\/index.php?rest_route=\/wp\/v2\/posts"}],"about":[{"href":"https:\/\/focotocantinense.com.br\/index.php?rest_route=\/wp\/v2\/types\/post"}],"author":[{"embeddable":true,"href":"https:\/\/focotocantinense.com.br\/index.php?rest_route=\/wp\/v2\/users\/1"}],"replies":[{"embeddable":true,"href":"https:\/\/focotocantinense.com.br\/index.php?rest_route=%2Fwp%2Fv2%2Fcomments&post=1300"}],"version-history":[{"count":1,"href":"https:\/\/focotocantinense.com.br\/index.php?rest_route=\/wp\/v2\/posts\/1300\/revisions"}],"predecessor-version":[{"id":1302,"href":"https:\/\/focotocantinense.com.br\/index.php?rest_route=\/wp\/v2\/posts\/1300\/revisions\/1302"}],"wp:featuredmedia":[{"embeddable":true,"href":"https:\/\/focotocantinense.com.br\/index.php?rest_route=\/wp\/v2\/media\/1301"}],"wp:attachment":[{"href":"https:\/\/focotocantinense.com.br\/index.php?rest_route=%2Fwp%2Fv2%2Fmedia&parent=1300"}],"wp:term":[{"taxonomy":"category","embeddable":true,"href":"https:\/\/focotocantinense.com.br\/index.php?rest_route=%2Fwp%2Fv2%2Fcategories&post=1300"},{"taxonomy":"post_tag","embeddable":true,"href":"https:\/\/focotocantinense.com.br\/index.php?rest_route=%2Fwp%2Fv2%2Ftags&post=1300"}],"curies":[{"name":"wp","href":"https:\/\/api.w.org\/{rel}","templated":true}]}}