{"id":1297,"date":"2021-05-13T14:54:03","date_gmt":"2021-05-13T17:54:03","guid":{"rendered":"https:\/\/focotocantinense.com.br\/?p=1297"},"modified":"2021-05-13T14:54:06","modified_gmt":"2021-05-13T17:54:06","slug":"emendas-para-ambulancias-e-medicamentos-sao-pagas-para-araguacema-goiatins-guarai-e-itacaja","status":"publish","type":"post","link":"https:\/\/focotocantinense.com.br\/?p=1297","title":{"rendered":"Emendas para ambul\u00e2ncias e medicamentos s\u00e3o pagas para Araguacema, Goiatins, Guara\u00ed e Itacaj\u00e1"},"content":{"rendered":"\n<p>As emendas parlamentares do deputado estadual Issam Saado para as cidades de Araguacema, Goiatins, Guara\u00ed e Itacaj\u00e1, de 2019, para a sa\u00fade dos munic\u00edpios foram pagas.<\/p>\n\n\n\n<p>\u201cFico feliz que os recursos tenham chegado aos munic\u00edpios para a compra das ambul\u00e2ncias e dos medicamentos. A sa\u00fade \u00e9 sempre uma prioridade e com os recursos, as Prefeituras poder\u00e3o melhorar a qualidade do atendimento \u00e0s fam\u00edlias\u201d, comemora o deputado.<\/p>\n\n\n\n<p>A execu\u00e7\u00e3o do processo de compra dos bens deve ser conduzido pelas Prefeituras municipais.<\/p>\n\n\n\n<p><strong>Araguacema<\/strong><\/p>\n\n\n\n<p>Para a cidade de Araguacema foi paga emenda no montante de R$100.000,00 para a aquisi\u00e7\u00e3o de medicamentos.<\/p>\n\n\n\n<p><strong>Goiatins<\/strong><\/p>\n\n\n\n<p>O Povoado Craol\u00e2ndia ser\u00e1 o principal beneficiado com a emenda parlamentar no valor de R$100.000,00 que o mun\u00edcipio recebeu para a compra de ambul\u00e2ncia.<\/p>\n\n\n\n<p><strong>Guara\u00ed<\/strong><\/p>\n\n\n\n<p>Guara\u00ed recebeu montante de R$100.000,00 para a aquisi\u00e7\u00e3o de ambul\u00e2ncia.<\/p>\n\n\n\n<p><strong>Itacaj\u00e1<\/strong><\/p>\n\n\n\n<p>A cidade recebeu R$50.000,00 para a compra de medicamentos para o Hospital Municipal.\u00a0<\/p>\n\n\n\n<p><\/p>\n","protected":false},"excerpt":{"rendered":"<p>As emendas parlamentares do deputado estadual Issam Saado para as cidades de Araguacema, Goiatins, Guara\u00ed e Itacaj\u00e1, de 2019, para a sa\u00fade dos munic\u00edpios foram pagas. \u201cFico feliz que os recursos tenham chegado aos munic\u00edpios para a compra das ambul\u00e2ncias e dos medicamentos. A sa\u00fade \u00e9 sempre uma prioridade e com os recursos, as Prefeituras &hellip;<\/p>\n","protected":false},"author":1,"featured_media":1298,"comment_status":"open","ping_status":"open","sticky":false,"template":"","format":"standard","meta":{"footnotes":""},"categories":[1],"tags":[],"class_list":["post-1297","post","type-post","status-publish","format-standard","has-post-thumbnail","","category-sem-categoria"],"_links":{"self":[{"href":"https:\/\/focotocantinense.com.br\/index.php?rest_route=\/wp\/v2\/posts\/1297","targetHints":{"allow":["GET"]}}],"collection":[{"href":"https:\/\/focotocantinense.com.br\/index.php?rest_route=\/wp\/v2\/posts"}],"about":[{"href":"https:\/\/focotocantinense.com.br\/index.php?rest_route=\/wp\/v2\/types\/post"}],"author":[{"embeddable":true,"href":"https:\/\/focotocantinense.com.br\/index.php?rest_route=\/wp\/v2\/users\/1"}],"replies":[{"embeddable":true,"href":"https:\/\/focotocantinense.com.br\/index.php?rest_route=%2Fwp%2Fv2%2Fcomments&post=1297"}],"version-history":[{"count":1,"href":"https:\/\/focotocantinense.com.br\/index.php?rest_route=\/wp\/v2\/posts\/1297\/revisions"}],"predecessor-version":[{"id":1299,"href":"https:\/\/focotocantinense.com.br\/index.php?rest_route=\/wp\/v2\/posts\/1297\/revisions\/1299"}],"wp:featuredmedia":[{"embeddable":true,"href":"https:\/\/focotocantinense.com.br\/index.php?rest_route=\/wp\/v2\/media\/1298"}],"wp:attachment":[{"href":"https:\/\/focotocantinense.com.br\/index.php?rest_route=%2Fwp%2Fv2%2Fmedia&parent=1297"}],"wp:term":[{"taxonomy":"category","embeddable":true,"href":"https:\/\/focotocantinense.com.br\/index.php?rest_route=%2Fwp%2Fv2%2Fcategories&post=1297"},{"taxonomy":"post_tag","embeddable":true,"href":"https:\/\/focotocantinense.com.br\/index.php?rest_route=%2Fwp%2Fv2%2Ftags&post=1297"}],"curies":[{"name":"wp","href":"https:\/\/api.w.org\/{rel}","templated":true}]}}