{"id":1293,"date":"2021-05-13T14:47:23","date_gmt":"2021-05-13T17:47:23","guid":{"rendered":"http:\/\/focotocantinense.com.br\/?p=1293"},"modified":"2021-05-13T14:50:01","modified_gmt":"2021-05-13T17:50:01","slug":"vacina-contra-a-influenza-gripe-e-aplicada-em-professores-e-pessoas-idosas-a-partir-dos-60-anos-de-idade-em-cariri","status":"publish","type":"post","link":"https:\/\/focotocantinense.com.br\/?p=1293","title":{"rendered":"VACINA CONTRA A INFLUENZA (GRIPE) \u00c9 APLICADA EM PROFESSORES E PESSOAS IDOSAS A PARTIR DOS 60 ANOS DE IDADE EM CARIRI"},"content":{"rendered":"\n<p>Em prosseguimento com a campanha nacional de vacina\u00e7\u00e3o contra o v\u00edrus da influenza (gripe), a Secretaria Municipal de Sa\u00fade de Cariri do Tocantins deu in\u00edcio na ter\u00e7a-feira, 11\/05, a mais uma etapa de vacina\u00e7\u00e3o; desta vez para professores e pessoas idosas com faixa et\u00e1ria a partir dos 60 anos de idade, residentes da zona urbana e rural do munic\u00edpio.<\/p>\n\n\n\n<p>Para receber a imuniza\u00e7\u00e3o por meio da aplica\u00e7\u00e3o da vacina \u00e9 necess\u00e1rio que os cidad\u00e3os pertencentes aos grupos selecionados para esta segunda etapa compare\u00e7am ao posto de vacina\u00e7\u00e3o localizado na Unidade de Sa\u00fade da Fam\u00edlia (USF) Manoel Pedro Pires Filho, munidos de documentos pessoais e cart\u00e3o do SUS (Sistema \u00danico de Sa\u00fade).<\/p>\n\n\n\n<p>Os atendimentos s\u00e3o efetivados de segunda a sexta-feira, das 07:00h \u00e0s 11:00h e tamb\u00e9m das 13:00h \u00e0s 17:00h. \u00c9 necess\u00e1rio tamb\u00e9m que todos do atual grupo priorit\u00e1rio fa\u00e7am o uso da m\u00e1scara, evitem o contato f\u00edsico e mantenham o distanciamento social, caso haja fila de espera no local do atendimento.<\/p>\n\n\n\n<p>A Secretaria Municipal de Sa\u00fade informa ainda a todos os idosos com 60 anos ou mais e que foram recentemente vacinados contra a Covid-19, que aguardem at\u00e9 no m\u00e1ximo 14 dias para enfim receber a vacina contra a influenza. Qualquer d\u00favida, entre em contato com USF Manoel Pedro Pires Filho por meio do telefone (63) 3383-1421.<\/p>\n\n\n\n<p>Conforme o calend\u00e1rio de vacina\u00e7\u00e3o, a campanha dever\u00e1 ser executada at\u00e9 o m\u00eas de julho com a proposta de que outros grupos priorit\u00e1rios sejam formados. No decorrer da primeira etapa realizada em Cariri, foram aplicadas vacinas em crian\u00e7as de 6 meses a 5 anos de idade, gestantes, m\u00e3es com 45 dias de p\u00f3s-parto e trabalhadores da sa\u00fade.<\/p>\n\n\n\n<p>Por: Assessoria de Comunica\u00e7\u00e3o da Prefeitura de Cariri<\/p>\n","protected":false},"excerpt":{"rendered":"<p>Em prosseguimento com a campanha nacional de vacina\u00e7\u00e3o contra o v\u00edrus da influenza (gripe), a Secretaria Municipal de Sa\u00fade de Cariri do Tocantins deu in\u00edcio na ter\u00e7a-feira, 11\/05, a mais uma etapa de vacina\u00e7\u00e3o; desta vez para professores e pessoas idosas com faixa et\u00e1ria a partir dos 60 anos de idade, residentes da zona urbana &hellip;<\/p>\n","protected":false},"author":1,"featured_media":1294,"comment_status":"open","ping_status":"open","sticky":false,"template":"","format":"standard","meta":{"footnotes":""},"categories":[65,1],"tags":[],"class_list":["post-1293","post","type-post","status-publish","format-standard","has-post-thumbnail","","category-cariri","category-sem-categoria"],"_links":{"self":[{"href":"https:\/\/focotocantinense.com.br\/index.php?rest_route=\/wp\/v2\/posts\/1293","targetHints":{"allow":["GET"]}}],"collection":[{"href":"https:\/\/focotocantinense.com.br\/index.php?rest_route=\/wp\/v2\/posts"}],"about":[{"href":"https:\/\/focotocantinense.com.br\/index.php?rest_route=\/wp\/v2\/types\/post"}],"author":[{"embeddable":true,"href":"https:\/\/focotocantinense.com.br\/index.php?rest_route=\/wp\/v2\/users\/1"}],"replies":[{"embeddable":true,"href":"https:\/\/focotocantinense.com.br\/index.php?rest_route=%2Fwp%2Fv2%2Fcomments&post=1293"}],"version-history":[{"count":1,"href":"https:\/\/focotocantinense.com.br\/index.php?rest_route=\/wp\/v2\/posts\/1293\/revisions"}],"predecessor-version":[{"id":1295,"href":"https:\/\/focotocantinense.com.br\/index.php?rest_route=\/wp\/v2\/posts\/1293\/revisions\/1295"}],"wp:featuredmedia":[{"embeddable":true,"href":"https:\/\/focotocantinense.com.br\/index.php?rest_route=\/wp\/v2\/media\/1294"}],"wp:attachment":[{"href":"https:\/\/focotocantinense.com.br\/index.php?rest_route=%2Fwp%2Fv2%2Fmedia&parent=1293"}],"wp:term":[{"taxonomy":"category","embeddable":true,"href":"https:\/\/focotocantinense.com.br\/index.php?rest_route=%2Fwp%2Fv2%2Fcategories&post=1293"},{"taxonomy":"post_tag","embeddable":true,"href":"https:\/\/focotocantinense.com.br\/index.php?rest_route=%2Fwp%2Fv2%2Ftags&post=1293"}],"curies":[{"name":"wp","href":"https:\/\/api.w.org\/{rel}","templated":true}]}}