{"id":1289,"date":"2021-05-13T12:38:52","date_gmt":"2021-05-13T15:38:52","guid":{"rendered":"http:\/\/focotocantinense.com.br\/?p=1289"},"modified":"2021-05-13T12:40:05","modified_gmt":"2021-05-13T15:40:05","slug":"prefeitura-de-tocantinia-recebe-uma-equipe-do-sebrae-para-discutir-sobre-empreendedorismo","status":"publish","type":"post","link":"https:\/\/focotocantinense.com.br\/?p=1289","title":{"rendered":"Prefeitura de Tocant\u00ednia recebe uma equipe do Sebrae para discutir sobre empreendedorismo"},"content":{"rendered":"\n<p><strong>Por Zacarias Martins<\/strong><\/p>\n\n\n\n<p>Tocant\u00ednia ser\u00e1 &nbsp;a pr\u00f3xima cidade a ser beneficiada com o Programa Cidade Empreendedora, do Sebrae Tocantins, que tem como objetivo a transforma\u00e7\u00e3o do munic\u00edpio pela implanta\u00e7\u00e3o de pol\u00edticas de desenvolvimento em eixos estrat\u00e9gicos.<\/p>\n\n\n\n<p>Para discutir sobre esse assunto, o prefeito de Tocant\u00ednia, Manoel Silvino (SD), recebeu em seu gabinete, nesta&nbsp; ter\u00e7a-feira (11), uma equipe de t\u00e9cnicos do Sebrae, sob a coordena\u00e7\u00e3o do gerente adjunto do Sebrae da Regional de Palmas, &nbsp;Edglei Rodrigues. Participaram ainda dessa reuni\u00e3o, o &nbsp;vice-prefeito,&nbsp; Jo\u00e3o Alberto, al\u00e9m dos secret\u00e1rios Andr\u00e9 Goveia (Educa\u00e7\u00e3o), Ana Paula&nbsp; Ribeiro (Assist\u00eancia Social),&nbsp; Jo\u00e3o Caldeira (Agricultura) e &nbsp;Enaldo Rodrigues da Costa (Administra\u00e7\u00e3o).<\/p>\n\n\n\n<p><strong>Base estruturante<\/strong><\/p>\n\n\n\n<p>Na oportunidade, o gerente do Sebrae explicou que o Programa Cidade Empreendedora engloba um conjunto de solu\u00e7\u00f5es comuns a todos os munic\u00edpios que compreendem 10 eixos, focando sua atua\u00e7\u00e3o no desenvolvimento econ\u00f4mico e na melhoria do ambiente de neg\u00f3cios.<\/p>\n\n\n\n<p>Edglei Rodrigues explanou sobre &nbsp;os 10 eixos que norteiam a atua\u00e7\u00e3o do Programa Cidade Empreendedor para o prefeito e aos secret\u00e1rios presente. O programa visa o apoio aos munic\u00edpios no desenvolvimento socioecon\u00f4mico local, ressaltando&nbsp; se tratar&nbsp; de uma &nbsp;&nbsp;solu\u00e7\u00e3o ideal para munic\u00edpios interessados em transformar a situa\u00e7\u00e3o em que se encontram permitindo o aprimoramento do ambiente de neg\u00f3cios.<\/p>\n\n\n\n<p><strong>Grande apoio<\/strong><\/p>\n\n\n\n<p>Para &nbsp;o prefeito Manoel Silvino,&nbsp; a iniciativa \u00e9 um grande apoio aos gestores municipais, j\u00e1 que num&nbsp; &nbsp;primeiro momento, o programa prev\u00ea a realiza\u00e7\u00e3o de &nbsp;um diagn\u00f3stico para tirar uma fotografia da situa\u00e7\u00e3o atual de Tocant\u00ednia e verificar onde est\u00e3o os gargalos e os pontos de melhoria. \u201cO Sebrae &nbsp;\u00e9 de&nbsp; fundamental import\u00e2ncia para&nbsp; atuar nesses pontos com orienta\u00e7\u00f5es, consultorias e demais interven\u00e7\u00f5es pois o objetivo final \u00e9 sempre a gera\u00e7\u00e3o de neg\u00f3cios e como o poder p\u00fablico pode atuar para fomentar isso. Estamos falando de desenvolvimento econ\u00f4mico sustent\u00e1vel\u201d, pontuou&nbsp; Silvino.<\/p>\n\n\n\n<figure class=\"wp-block-image\"><img decoding=\"async\" src=\"http:\/\/n1to.com.br\/img\/uploads\/3_-_REUNIAO_DO_SEBRAE_EM_TOCANTINIA_-_FOTO_EDVALDO_XERENTE.jpg\" alt=\"\"\/><\/figure>\n\n\n\n<figure class=\"wp-block-image\"><img decoding=\"async\" src=\"http:\/\/n1to.com.br\/img\/uploads\/2_-_REUNIAO_DO_SEBRAE_EM_TOCANTINIA_-_FOTO_EDVALDO_XERENTE.jpg\" alt=\"\"\/><\/figure>\n","protected":false},"excerpt":{"rendered":"<p>Por Zacarias Martins Tocant\u00ednia ser\u00e1 &nbsp;a pr\u00f3xima cidade a ser beneficiada com o Programa Cidade Empreendedora, do Sebrae Tocantins, que tem como objetivo a transforma\u00e7\u00e3o do munic\u00edpio pela implanta\u00e7\u00e3o de pol\u00edticas de desenvolvimento em eixos estrat\u00e9gicos. Para discutir sobre esse assunto, o prefeito de Tocant\u00ednia, Manoel Silvino (SD), recebeu em seu gabinete, nesta&nbsp; ter\u00e7a-feira (11), &hellip;<\/p>\n","protected":false},"author":5,"featured_media":1291,"comment_status":"open","ping_status":"open","sticky":true,"template":"","format":"standard","meta":{"footnotes":""},"categories":[1],"tags":[89],"class_list":["post-1289","post","type-post","status-publish","format-standard","has-post-thumbnail","","category-sem-categoria","tag-tocantinia"],"_links":{"self":[{"href":"https:\/\/focotocantinense.com.br\/index.php?rest_route=\/wp\/v2\/posts\/1289","targetHints":{"allow":["GET"]}}],"collection":[{"href":"https:\/\/focotocantinense.com.br\/index.php?rest_route=\/wp\/v2\/posts"}],"about":[{"href":"https:\/\/focotocantinense.com.br\/index.php?rest_route=\/wp\/v2\/types\/post"}],"author":[{"embeddable":true,"href":"https:\/\/focotocantinense.com.br\/index.php?rest_route=\/wp\/v2\/users\/5"}],"replies":[{"embeddable":true,"href":"https:\/\/focotocantinense.com.br\/index.php?rest_route=%2Fwp%2Fv2%2Fcomments&post=1289"}],"version-history":[{"count":1,"href":"https:\/\/focotocantinense.com.br\/index.php?rest_route=\/wp\/v2\/posts\/1289\/revisions"}],"predecessor-version":[{"id":1290,"href":"https:\/\/focotocantinense.com.br\/index.php?rest_route=\/wp\/v2\/posts\/1289\/revisions\/1290"}],"wp:featuredmedia":[{"embeddable":true,"href":"https:\/\/focotocantinense.com.br\/index.php?rest_route=\/wp\/v2\/media\/1291"}],"wp:attachment":[{"href":"https:\/\/focotocantinense.com.br\/index.php?rest_route=%2Fwp%2Fv2%2Fmedia&parent=1289"}],"wp:term":[{"taxonomy":"category","embeddable":true,"href":"https:\/\/focotocantinense.com.br\/index.php?rest_route=%2Fwp%2Fv2%2Fcategories&post=1289"},{"taxonomy":"post_tag","embeddable":true,"href":"https:\/\/focotocantinense.com.br\/index.php?rest_route=%2Fwp%2Fv2%2Ftags&post=1289"}],"curies":[{"name":"wp","href":"https:\/\/api.w.org\/{rel}","templated":true}]}}