{"id":1283,"date":"2021-05-11T21:13:24","date_gmt":"2021-05-12T00:13:24","guid":{"rendered":"http:\/\/focotocantinense.com.br\/?p=1283"},"modified":"2021-05-11T21:14:13","modified_gmt":"2021-05-12T00:14:13","slug":"plano-de-acao-emergencial-da-hidreletrica-de-lajeado-e-discutido-na-prefeitura-de-tocantinia","status":"publish","type":"post","link":"https:\/\/focotocantinense.com.br\/?p=1283","title":{"rendered":"Plano de A\u00e7\u00e3o Emergencial da Hidrel\u00e9trica de Lajeado \u00e9 discutido na Prefeitura de Tocant\u00ednia"},"content":{"rendered":"\n<p><strong>Por Zacarias Martins<\/strong><\/p>\n\n\n\n<p>O Superintendente da Coordenadoria Estadual&nbsp; de Prote\u00e7\u00e3o e Defesa Civil no Tocantins, &nbsp;Tenente Coronel QOBM Erisvaldo de Oliveira Alves e o &nbsp;Diretor Executivo daquele \u00f3rg\u00e3o, Major QOBM Alex Matos Fernandes, juntamente com o Gerente Operacional &#8211; Meio Ambiente &#8211; INVESTCO S.A. (EDP Energias do Brasil S.A.), Joel Luiz Parizi Nunes, &nbsp;e Edson Caldeira, Gestor Executivo da Investco, estiveram reunidos nesta ter\u00e7a-feira (11), na Prefeitura de Tocant\u00ednia, para tratar do Plano de A\u00e7\u00e3o Emergencial \u2013 PAE, da UHE de Lajeado Lu\u00eds Eduardo Magalh\u00e3es.<\/p>\n\n\n\n<p>Eles foram recebidos pelo prefeito de Tocant\u00ednia Manoel Silvino, juntamente com o secret\u00e1rio de Meio Ambiente e Saneamento B\u00e1sico Francisco Nardes e o Coordenador da Defesa Civil no munic\u00edpio, Gilberto Gomes Xerente.<\/p>\n\n\n\n<p>Na oportunidade, os&nbsp; representantes da Investco informaram que &nbsp;j\u00e1 est\u00e1 sendo implementadas a\u00e7\u00f5es de medidas de seguran\u00e7a como a instala\u00e7\u00e3o do sistema de alerta sonora, rotas de fuga e pontos de encontro, voltados ao \u201cPlano de Seguran\u00e7a da Barragem \u2013 PSB\u201d da UHE Lajeado, de acordo com a Lei 12.334\/2012 e Resolu\u00e7\u00e3o Normativa Aneel 696\/2015.<\/p>\n\n\n\n<p>Segundo a Investco, devido \u00e0 pandemia da Covid-19, a realiza\u00e7\u00e3o de atividades dos simulados de alerta de emerg\u00eancia requerem cautelas, sendo assim, \u00e9 consenso da Investco, da Defesa Civil Estadual, do Munic\u00edpio e da Defesa Civil municipal que n\u00e3o \u00e9 o momento adequado realizar simulado este ano de 2021, sendo necess\u00e1rio aguardar o processo de avan\u00e7o da vacina\u00e7\u00e3o e o controle da pandemia para retomar as discuss\u00f5es sobre o simulado.<\/p>\n\n\n\n<p>O prefeito Manoel Silvino reiterou a necessidade de ter apoio da Investco para a realiza\u00e7\u00e3o do cadastramento das fam\u00edlias que moram nas \u00e1reas de risco para que elas possam ser convocadas para participar dos simulados.<\/p>\n\n\n\n<p>\u201cTrabalhamos muito para implementar a gest\u00e3o estrat\u00e9gica da Usina em todos os n\u00edveis, e isso passa pela excel\u00eancia operacional, a\u00e7\u00f5es de treinamento da equipe, investimento em moderniza\u00e7\u00e3o, an\u00e1lise de risco e otimiza\u00e7\u00e3o de planos de manuten\u00e7\u00e3o que resultaram numa cultura de melhoria cont\u00ednua e estruturada, que agora \u00e9 coroada com essa certifica\u00e7\u00e3o\u201d, afirma Edson Caldeira, Gestor Executivo da Investco.<\/p>\n\n\n\n<p><strong>Sobre a Investco<\/strong><\/p>\n\n\n\n<p>A Investco S\/A \u00e9 respons\u00e1vel pela opera\u00e7\u00e3o e manuten\u00e7\u00e3o da UHE Lajeado. Com capacidade instalada de 902,5 MW, a usina entrou em opera\u00e7\u00e3o em 2001 e est\u00e1 localizada a 60 km de Palmas, entre os munic\u00edpios de Miracema e Lajeado.<\/p>\n\n\n\n<figure class=\"wp-block-image\"><img decoding=\"async\" src=\"http:\/\/n1to.com.br\/img\/uploads\/aaaaaaaa_2.jpg\" alt=\"\"\/><\/figure>\n","protected":false},"excerpt":{"rendered":"<p>Por Zacarias Martins O Superintendente da Coordenadoria Estadual&nbsp; de Prote\u00e7\u00e3o e Defesa Civil no Tocantins, &nbsp;Tenente Coronel QOBM Erisvaldo de Oliveira Alves e o &nbsp;Diretor Executivo daquele \u00f3rg\u00e3o, Major QOBM Alex Matos Fernandes, juntamente com o Gerente Operacional &#8211; Meio Ambiente &#8211; INVESTCO S.A. (EDP Energias do Brasil S.A.), Joel Luiz Parizi Nunes, &nbsp;e Edson &hellip;<\/p>\n","protected":false},"author":5,"featured_media":1285,"comment_status":"open","ping_status":"open","sticky":true,"template":"","format":"standard","meta":{"footnotes":""},"categories":[1,78],"tags":[],"class_list":["post-1283","post","type-post","status-publish","format-standard","has-post-thumbnail","","category-sem-categoria","category-tocantinia"],"_links":{"self":[{"href":"https:\/\/focotocantinense.com.br\/index.php?rest_route=\/wp\/v2\/posts\/1283","targetHints":{"allow":["GET"]}}],"collection":[{"href":"https:\/\/focotocantinense.com.br\/index.php?rest_route=\/wp\/v2\/posts"}],"about":[{"href":"https:\/\/focotocantinense.com.br\/index.php?rest_route=\/wp\/v2\/types\/post"}],"author":[{"embeddable":true,"href":"https:\/\/focotocantinense.com.br\/index.php?rest_route=\/wp\/v2\/users\/5"}],"replies":[{"embeddable":true,"href":"https:\/\/focotocantinense.com.br\/index.php?rest_route=%2Fwp%2Fv2%2Fcomments&post=1283"}],"version-history":[{"count":1,"href":"https:\/\/focotocantinense.com.br\/index.php?rest_route=\/wp\/v2\/posts\/1283\/revisions"}],"predecessor-version":[{"id":1284,"href":"https:\/\/focotocantinense.com.br\/index.php?rest_route=\/wp\/v2\/posts\/1283\/revisions\/1284"}],"wp:featuredmedia":[{"embeddable":true,"href":"https:\/\/focotocantinense.com.br\/index.php?rest_route=\/wp\/v2\/media\/1285"}],"wp:attachment":[{"href":"https:\/\/focotocantinense.com.br\/index.php?rest_route=%2Fwp%2Fv2%2Fmedia&parent=1283"}],"wp:term":[{"taxonomy":"category","embeddable":true,"href":"https:\/\/focotocantinense.com.br\/index.php?rest_route=%2Fwp%2Fv2%2Fcategories&post=1283"},{"taxonomy":"post_tag","embeddable":true,"href":"https:\/\/focotocantinense.com.br\/index.php?rest_route=%2Fwp%2Fv2%2Ftags&post=1283"}],"curies":[{"name":"wp","href":"https:\/\/api.w.org\/{rel}","templated":true}]}}