{"id":1274,"date":"2021-05-11T20:07:45","date_gmt":"2021-05-11T23:07:45","guid":{"rendered":"http:\/\/focotocantinense.com.br\/?p=1274"},"modified":"2021-05-11T20:08:39","modified_gmt":"2021-05-11T23:08:39","slug":"governo-do-tocantins-segue-cronograma-de-inauguracoes-e-amplia-numero-de-nucleos-do-instituto-de-identificacao-no-interior-do-estado","status":"publish","type":"post","link":"https:\/\/focotocantinense.com.br\/?p=1274","title":{"rendered":"Governo do Tocantins segue cronograma de inaugura\u00e7\u00f5es e amplia n\u00famero de N\u00facleos do Instituto de Identifica\u00e7\u00e3o no interior do Estado"},"content":{"rendered":"\n<p>O Governo do Tocantins, por meio da Secretaria de Estado da Seguran\u00e7a P\u00fablica do Tocantins (SSP-TO), segue envidando esfor\u00e7os no planejamento de amplia\u00e7\u00e3o e implanta\u00e7\u00e3o dos N\u00facleos do Instituto de Identifica\u00e7\u00e3o e dos N\u00facleos de Atendimento da Pol\u00edcia Civil no interior do Estado. Os n\u00facleos s\u00e3o respons\u00e1veis pela emiss\u00e3o de documentos importantes para a vida civil de qualquer cidad\u00e3o como Certid\u00e3o de Nascimento, RG e&nbsp;Atestado de Antecedentes Criminais,&nbsp;por exemplo. Al\u00e9m disso, o N\u00facleo de Atendimento da Pol\u00edcia Civil facilita o registro do Boletim de Ocorr\u00eancia.<br><br>Desde o in\u00edcio do programa em abril deste ano, o total de 13 munic\u00edpios j\u00e1 foram contemplados com as novas unidades. S\u00e3o eles:&nbsp;Lagoa da Confus\u00e3o, Marian\u00f3polis, Pedro Afonso, F\u00e1tima, Divin\u00f3polis, Formoso do Araguaia, Santa Rosa, S\u00e3o F\u00e9lix, Caseara, Crix\u00e1s, Novo Acordo, Cristal\u00e2ndia, Nova Rosal\u00e2ndia, Abreul\u00e2ndia e Couto Magalh\u00e3es. Esse n\u00famero vai aumentar essa semana, outros quatro munic\u00edpios tamb\u00e9m receber\u00e3o novas unidades. Nesta quarta-feira, 12, ser\u00e3o inaugurados os N\u00facleos do Instituto de Identifica\u00e7\u00e3o dos munic\u00edpios de Taboc\u00e3o e Rio dos Bois; e na quinta-feira, 13, as unidades de Palmeir\u00f3polis e Aragua\u00e7u.<br><br>A amplia\u00e7\u00e3o do servi\u00e7o e a implanta\u00e7\u00e3o dos n\u00facleos s\u00e3o uma determina\u00e7\u00e3o do Governo do Tocantins e t\u00eam o objetivo de facilitar o acesso do cidad\u00e3o aos documentos civis e proporcionar maior rapidez e economia ao cidad\u00e3o que n\u00e3o ter\u00e1 que se deslocar do seu munic\u00edpio para solicitar o documento. Para expandir o programa, o Governo do Tocantins, por meio da SSP-TO, lan\u00e7ou no m\u00eas de abril um edital de chamamento p\u00fablico, direcionado aos munic\u00edpios tocantinenses para implanta\u00e7\u00e3o de N\u00facleos de Atendimento da Pol\u00edcia Civil e\/ou de N\u00facleos do Instituto de Identifica\u00e7\u00e3o, \u00f3rg\u00e3o vinculado \u00e0 Superintend\u00eancia de Pol\u00edcia Cient\u00edfica.<br><br><strong>Agendamentos<\/strong><br><br>Em raz\u00e3o da pandemia da Covid-19 e em observ\u00e2ncia \u00e0s determina\u00e7\u00f5es do Decreto Estadual n\u00ba 6.234, que trata do trabalho remoto, o atendimento no Instituto de Identifica\u00e7\u00e3o e seus N\u00facleos inclusive das novas unidades inauguradas, est\u00e1 sendo realizado de forma parcial conforme ordem cronol\u00f3gica de agendamentos realizados anteriormente na Plataforma de Atendimento de Per\u00edcia e Identifica\u00e7\u00e3o (Papi) no site da Seguran\u00e7a P\u00fablica&nbsp;<a href=\"http:\/\/www.ssp.to.gov.br\/\">www.ssp.to.gov.br<\/a>.<\/p>\n\n\n\n<figure class=\"wp-block-image size-large\"><img loading=\"lazy\" decoding=\"async\" width=\"951\" height=\"517\" src=\"http:\/\/focotocantinense.com.br\/wp-content\/uploads\/2021\/05\/image-7.png\" alt=\"\" class=\"wp-image-1275\" srcset=\"https:\/\/focotocantinense.com.br\/wp-content\/uploads\/2021\/05\/image-7.png 951w, https:\/\/focotocantinense.com.br\/wp-content\/uploads\/2021\/05\/image-7-300x163.png 300w, https:\/\/focotocantinense.com.br\/wp-content\/uploads\/2021\/05\/image-7-768x418.png 768w\" sizes=\"auto, (max-width: 951px) 100vw, 951px\" \/><\/figure>\n","protected":false},"excerpt":{"rendered":"<p>O Governo do Tocantins, por meio da Secretaria de Estado da Seguran\u00e7a P\u00fablica do Tocantins (SSP-TO), segue envidando esfor\u00e7os no planejamento de amplia\u00e7\u00e3o e implanta\u00e7\u00e3o dos N\u00facleos do Instituto de Identifica\u00e7\u00e3o e dos N\u00facleos de Atendimento da Pol\u00edcia Civil no interior do Estado. Os n\u00facleos s\u00e3o respons\u00e1veis pela emiss\u00e3o de documentos importantes para a vida &hellip;<\/p>\n","protected":false},"author":5,"featured_media":1277,"comment_status":"open","ping_status":"open","sticky":true,"template":"","format":"standard","meta":{"footnotes":""},"categories":[39,1],"tags":[],"class_list":["post-1274","post","type-post","status-publish","format-standard","has-post-thumbnail","","category-estado","category-sem-categoria"],"_links":{"self":[{"href":"https:\/\/focotocantinense.com.br\/index.php?rest_route=\/wp\/v2\/posts\/1274","targetHints":{"allow":["GET"]}}],"collection":[{"href":"https:\/\/focotocantinense.com.br\/index.php?rest_route=\/wp\/v2\/posts"}],"about":[{"href":"https:\/\/focotocantinense.com.br\/index.php?rest_route=\/wp\/v2\/types\/post"}],"author":[{"embeddable":true,"href":"https:\/\/focotocantinense.com.br\/index.php?rest_route=\/wp\/v2\/users\/5"}],"replies":[{"embeddable":true,"href":"https:\/\/focotocantinense.com.br\/index.php?rest_route=%2Fwp%2Fv2%2Fcomments&post=1274"}],"version-history":[{"count":2,"href":"https:\/\/focotocantinense.com.br\/index.php?rest_route=\/wp\/v2\/posts\/1274\/revisions"}],"predecessor-version":[{"id":1278,"href":"https:\/\/focotocantinense.com.br\/index.php?rest_route=\/wp\/v2\/posts\/1274\/revisions\/1278"}],"wp:featuredmedia":[{"embeddable":true,"href":"https:\/\/focotocantinense.com.br\/index.php?rest_route=\/wp\/v2\/media\/1277"}],"wp:attachment":[{"href":"https:\/\/focotocantinense.com.br\/index.php?rest_route=%2Fwp%2Fv2%2Fmedia&parent=1274"}],"wp:term":[{"taxonomy":"category","embeddable":true,"href":"https:\/\/focotocantinense.com.br\/index.php?rest_route=%2Fwp%2Fv2%2Fcategories&post=1274"},{"taxonomy":"post_tag","embeddable":true,"href":"https:\/\/focotocantinense.com.br\/index.php?rest_route=%2Fwp%2Fv2%2Ftags&post=1274"}],"curies":[{"name":"wp","href":"https:\/\/api.w.org\/{rel}","templated":true}]}}