{"id":1268,"date":"2021-05-11T19:47:25","date_gmt":"2021-05-11T22:47:25","guid":{"rendered":"http:\/\/focotocantinense.com.br\/?p=1268"},"modified":"2021-05-11T19:48:39","modified_gmt":"2021-05-11T22:48:39","slug":"das-artes-cenicas-ao-cinema-nival-correia-e-destaque-no-cena-protagonista-desta-quarta-feira-12","status":"publish","type":"post","link":"https:\/\/focotocantinense.com.br\/?p=1268","title":{"rendered":"Das artes c\u00eanicas ao cinema, Nival Correia \u00e9 destaque no Cena Protagonista desta quarta-feira, 12"},"content":{"rendered":"\n<p>Com uma carreira art\u00edstica que passeia pelas artes c\u00eanicas, quadrilhas juninas, produ\u00e7\u00e3o cultural e audiovisual, Nival Correia conta um pouco da sua trajet\u00f3ria nesta quarta-feira, 12, no Programa Cena Protagonista.&nbsp;Apresentado pela atriz e produtora cultural Bell Gama, da Cia Cenaberta de Teatro, a exibi\u00e7\u00e3o acontece \u00e0s 21 horas,&nbsp;nas redes sociais (Youtube e Facebook) da Cia Cenaberta.<\/p>\n\n\n\n<p>Ator, diretor, produtor cultural, cineasta, formado em Geografia, Nival nasceu em Passagem Franca (MA). Chegou ao Tocantins em 1992, aos 19 anos, trabalhou por v\u00e1rios anos como gerente de posto de sa\u00fade e, embora o teatro n\u00e3o fosse uma voca\u00e7\u00e3o, criou, na unidade de sa\u00fade onde trabalhava, o espet\u00e1culo Fermento na Massa, que tratava da sa\u00fade em comunidade. Teve sua primeira experi\u00eancia com quadrilha junina, em 1996, quando foi convidado pela quadrilha Caipiras do Borocox\u00f3 para inserir o teatro na quadrilha junina. Participou da Companhia Ra\u00edzes de Teatro Amador entre os anos de 1994 a 1996 e, em 1999, recebeu o convite do ator C\u00edcero Bel\u00e9m para participar da Cia Chama Viva, fato que o fez abandonar o trabalho na sa\u00fade para se dedicar somente ao teatro, come\u00e7ando ent\u00e3o sua carreira profissional.<\/p>\n\n\n\n<p><strong>Cinema<\/strong><\/p>\n\n\n\n<p>No cinema, Nival Correia atuou em Xingu (Cao Hamburger), na produ\u00e7\u00e3o espanhola Descal\u00e7o sobre a Terra vermelha, sobre vida de Dom Pedro Casald\u00e1liga, e das tocantinenses Um Lagarto a caminho do Bonfim, de H\u00e9lio Brito; Tempos Dif\u00edceis e Som de l\u00e1, de Caio Brettas. Hoje, presta consultoria para quadrilhas juninas, dirige trabalho no campo das artes c\u00eanicas como o espet\u00e1culo \u201cZ\u00e9\u201d de A Barraca Cia de Artes, e \u00e9 s\u00f3cio propriet\u00e1rio da produtora Spatium Arte e Cultura. \u00c9 tamb\u00e9m diretor da s\u00e9rie \u201cO Boneco de Barra e o Rei\u201d, gravado no Tocantins no ano de 2017 e transmitida pelos canais da Empresa Brasileira de Comunica\u00e7\u00e3o (EBC), por meio da Chamada P\u00fablica da Linha de Produ\u00e7\u00e3o de Conte\u00fados destinados \u00e0s TVs P\u00fablicas (Chamada P\u00fablica BRDE\/FSA Prodav), dentre outras produ\u00e7\u00f5es audiovisuais.<\/p>\n\n\n\n<p><strong>Cena Protagonista<\/strong><\/p>\n\n\n\n<p>Este \u00e9 o 4\u00ba programa da temporada, que j\u00e1 entrevistou o poeta Osmar Casagrande, o mestre de cultura popular Wertemberg Nunes e o escritor Josaf\u00e1 Miranda.&nbsp;O Cena Protagonista vai ao ar toda quarta-feira, \u00e0s 21 horas, nas redes sociais da Cia Cenaberta. O bate-papo envolvente e repleto de muita densidade art\u00edstica de cerca de uma hora, a atriz entrevista personalidades do meio art\u00edstico, como escritores, atores, cineastas e m\u00fasicos.<\/p>\n\n\n\n<p>O&nbsp;programa \u00e9 produzido e apresentado pela atriz Bell Gama, com a dire\u00e7\u00e3o do ator e diretor Kak\u00e1 Nogueira, e colabora\u00e7\u00e3o de Bruno Barbosa e Fernanda Barbosa. O Projeto foi contemplado pelo Pr\u00eamio Aldir Blanc, da Funda\u00e7\u00e3o Cultural de Palmas, Prefeitura Municipal de Palmas, com apoio do Governo Federal \u2013 Minist\u00e9rio do Turismo \u2013 Secretaria Especial da Cultura e Fundo Nacional de Cultura.<\/p>\n\n\n\n<p><strong>Apresentadora<\/strong><\/p>\n\n\n\n<p>Bell Gama \u00e9 atriz e produtora cultural, s\u00f3cia-fundadora da Cia. Cenaberta.&nbsp; No teatro, dirigiu leituras dram\u00e1ticas para o Sesc-TO, como: Escola de Mulheres \u2013 Moli\u00e8re \u2013 (2007) e A Hist\u00f3ria \u00e9 uma Ist\u00f3ria \u2013 Millor Fernandes (2014). Atuou em v\u00e1rios espet\u00e1culos, entre eles: Tupy or not tupi (2002-2004; Paix\u00e3o de Cristo (2003-2004); O musical: O Resgate de Roseline Brow (2007); Dias Dif\u00edceis (2012-2016); ; L!ngua preZa (2016); O Antiqu\u00e1rio Frankl (2019-2021); e De Caso com a Solid\u00e3o (em montagem) Realizou a Produ\u00e7\u00e3o executiva e Assist\u00eancia de dire\u00e7\u00e3o da Com\u00e9dia&nbsp; Dr\u00e1cula.<\/p>\n\n\n\n<p>No cinema atuou nos curtas: Cheque ou Mate (2008); Tempos Dif\u00edceis (2010); O Som de L\u00e1 (2012); e, Edital Cultural (2016). Tamb\u00e9m atuou nos longas: O Nome da Morte (2018); O Pastor e o Guerrilheiro (2020) e das s\u00e9ries: Para TV Brasil \u2013 O Boneco de Barro e o Rei (2018); e Para Netflix \u2013 O Escolhido, segunda temporada (2019). Bell Gama \u00e9 tamb\u00e9m arte-educadora e coordenadora pedag\u00f3gica do Projeto Poquelin \u2013 Forma\u00e7\u00e3o inicial para o teatro, promovido pelo grupo teatral da qual \u00e9 integrante. Desde 2002,&nbsp;tem&nbsp;a personagem \u201cRaymunda\u201d que faz esquetes do cotidiano.<\/p>\n\n\n\n<p><strong>Ficha t\u00e9cnica:<\/strong><\/p>\n\n\n\n<p><strong>Produ\u00e7\u00e3o \/ Apresenta\u00e7\u00e3o:&nbsp;<\/strong>Bell Gama<\/p>\n\n\n\n<p><strong>Coprodu\u00e7\u00e3o:&nbsp;<\/strong>Cia. Cenaberta<\/p>\n\n\n\n<p><strong>Dire\u00e7\u00e3o:&nbsp;<\/strong>Kak\u00e1 Nogueira<\/p>\n\n\n\n<p><strong>Ascom:&nbsp;<\/strong>Cinthia Abreu<\/p>\n\n\n\n<p><strong>Redes Sociais<\/strong>: Fernanda Barbosa<\/p>\n\n\n\n<p><strong>Edi\u00e7\u00e3o:&nbsp;<\/strong>MZN \/ Cena Filmes \/ Bruno Barbosa<\/p>\n\n\n\n<p><strong>M\u00fasica de Vinheta:&nbsp;<\/strong>Ivan Lins, interpretada por M\u00f4nica Soares<\/p>\n\n\n\n<p>&#8212;<\/p>\n\n\n\n<p>Teaser:&nbsp;<a href=\"https:\/\/www.youtube.com\/watch?v=ZkzZu-6gpDI\">https:\/\/www.youtube.com\/watch?v=ZkzZu-6gpDI<\/a><\/p>\n\n\n\n<figure class=\"wp-block-image size-large\"><img loading=\"lazy\" decoding=\"async\" width=\"679\" height=\"456\" src=\"http:\/\/focotocantinense.com.br\/wp-content\/uploads\/2021\/05\/image-6.png\" alt=\"\" class=\"wp-image-1269\" srcset=\"https:\/\/focotocantinense.com.br\/wp-content\/uploads\/2021\/05\/image-6.png 679w, https:\/\/focotocantinense.com.br\/wp-content\/uploads\/2021\/05\/image-6-300x201.png 300w, https:\/\/focotocantinense.com.br\/wp-content\/uploads\/2021\/05\/image-6-110x75.png 110w\" sizes=\"auto, (max-width: 679px) 100vw, 679px\" \/><\/figure>\n","protected":false},"excerpt":{"rendered":"<p>Com uma carreira art\u00edstica que passeia pelas artes c\u00eanicas, quadrilhas juninas, produ\u00e7\u00e3o cultural e audiovisual, Nival Correia conta um pouco da sua trajet\u00f3ria nesta quarta-feira, 12, no Programa Cena Protagonista.&nbsp;Apresentado pela atriz e produtora cultural Bell Gama, da Cia Cenaberta de Teatro, a exibi\u00e7\u00e3o acontece \u00e0s 21 horas,&nbsp;nas redes sociais (Youtube e Facebook) da Cia &hellip;<\/p>\n","protected":false},"author":5,"featured_media":1271,"comment_status":"open","ping_status":"open","sticky":true,"template":"","format":"standard","meta":{"footnotes":""},"categories":[37,1],"tags":[],"class_list":["post-1268","post","type-post","status-publish","format-standard","has-post-thumbnail","","category-palmas","category-sem-categoria"],"_links":{"self":[{"href":"https:\/\/focotocantinense.com.br\/index.php?rest_route=\/wp\/v2\/posts\/1268","targetHints":{"allow":["GET"]}}],"collection":[{"href":"https:\/\/focotocantinense.com.br\/index.php?rest_route=\/wp\/v2\/posts"}],"about":[{"href":"https:\/\/focotocantinense.com.br\/index.php?rest_route=\/wp\/v2\/types\/post"}],"author":[{"embeddable":true,"href":"https:\/\/focotocantinense.com.br\/index.php?rest_route=\/wp\/v2\/users\/5"}],"replies":[{"embeddable":true,"href":"https:\/\/focotocantinense.com.br\/index.php?rest_route=%2Fwp%2Fv2%2Fcomments&post=1268"}],"version-history":[{"count":2,"href":"https:\/\/focotocantinense.com.br\/index.php?rest_route=\/wp\/v2\/posts\/1268\/revisions"}],"predecessor-version":[{"id":1272,"href":"https:\/\/focotocantinense.com.br\/index.php?rest_route=\/wp\/v2\/posts\/1268\/revisions\/1272"}],"wp:featuredmedia":[{"embeddable":true,"href":"https:\/\/focotocantinense.com.br\/index.php?rest_route=\/wp\/v2\/media\/1271"}],"wp:attachment":[{"href":"https:\/\/focotocantinense.com.br\/index.php?rest_route=%2Fwp%2Fv2%2Fmedia&parent=1268"}],"wp:term":[{"taxonomy":"category","embeddable":true,"href":"https:\/\/focotocantinense.com.br\/index.php?rest_route=%2Fwp%2Fv2%2Fcategories&post=1268"},{"taxonomy":"post_tag","embeddable":true,"href":"https:\/\/focotocantinense.com.br\/index.php?rest_route=%2Fwp%2Fv2%2Ftags&post=1268"}],"curies":[{"name":"wp","href":"https:\/\/api.w.org\/{rel}","templated":true}]}}