{"id":1263,"date":"2021-05-11T19:42:59","date_gmt":"2021-05-11T22:42:59","guid":{"rendered":"http:\/\/focotocantinense.com.br\/?p=1263"},"modified":"2021-05-11T19:43:56","modified_gmt":"2021-05-11T22:43:56","slug":"sebrae-tocantins-abre-vaga-para-profissional-das-ciencias-contabeis","status":"publish","type":"post","link":"https:\/\/focotocantinense.com.br\/?p=1263","title":{"rendered":"Sebrae Tocantins abre vaga para profissional das Ci\u00eancias Cont\u00e1beis"},"content":{"rendered":"\n<p>O Sebrae Tocantins abriu processo seletivo para selecionar profissionais de n\u00edvel superior com gradua\u00e7\u00e3o completa em Ci\u00eancias Cont\u00e1beis. A vaga \u00e9 para Analista T\u00e9cnico I, com sal\u00e1rio de 3.724,50 e benef\u00edcios. As informa\u00e7\u00f5es sobre como se inscrever, bem como o Comunicado sobre a sele\u00e7\u00e3o est\u00e3o dispon\u00edveis no link:&nbsp;<a href=\"https:\/\/bit.ly\/3eAN7Ke\">https:\/\/bit.ly\/3eAN7Ke<\/a><\/p>\n\n\n\n<p>A sele\u00e7\u00e3o \u00e9 para uma vaga de ingresso imediato e forma\u00e7\u00e3o de cadastro reserva. O candidato selecionado e contratado ir\u00e1 atuar no Sebrae em Palmas, com carga hor\u00e1ria de 40 horas semanais. O contrato \u00e9 regido pela Consolida\u00e7\u00e3o das Leis do Trabalho (CLT), e, al\u00e9m do sal\u00e1rio, inclui os benef\u00edcios: assist\u00eancia m\u00e9dica, previd\u00eancia privada, seguro de vida, vale transporte, vale alimenta\u00e7\u00e3o e\/ou refei\u00e7\u00e3o.<\/p>\n\n\n\n<p>Al\u00e9m da forma\u00e7\u00e3o superior em ci\u00eancias cont\u00e1beis, s\u00e3o exigidos dos candidatos experi\u00eancia comprovada de no m\u00ednimo 6 meses, atuando como profissional de n\u00edvel universit\u00e1rio completo, em atividades compat\u00edveis com as seguintes atribui\u00e7\u00f5es: escritura\u00e7\u00e3o fiscal, escritura\u00e7\u00e3o cont\u00e1bil e obriga\u00e7\u00f5es acess\u00f3rias. Os candidatos tamb\u00e9m devem ter Carteira Nacional de Habilita\u00e7\u00e3o, categoria B e registro no Conselho Regional de Contabilidade.<\/p>\n\n\n\n<p>De acordo com a gerente do Sebrae, Vera Braga, \u00e9 importante que os candidatos leiam todos os pontos do comunicado, atentando-se, principalmente, aos documentos comprobat\u00f3rios exigidos e as datas e prazos expressos no cronograma.<\/p>\n\n\n\n<p><strong>Etapas<\/strong><\/p>\n\n\n\n<p>A sele\u00e7\u00e3o ser\u00e1 composta por 3 etapas: Avalia\u00e7\u00e3o Curricular e Documental, Avalia\u00e7\u00e3o de Conhecimentos (classificat\u00f3ria e eliminat\u00f3ria) e Entrevista Individual por Compet\u00eancias (eliminat\u00f3ria e classificat\u00f3ria), aplicada on-line na forma do Comunicado Espec\u00edfico de Convoca\u00e7\u00e3o.<\/p>\n\n\n\n<figure class=\"wp-block-image size-large\"><img loading=\"lazy\" decoding=\"async\" width=\"1011\" height=\"457\" src=\"http:\/\/focotocantinense.com.br\/wp-content\/uploads\/2021\/05\/image-5.png\" alt=\"\" class=\"wp-image-1264\" srcset=\"https:\/\/focotocantinense.com.br\/wp-content\/uploads\/2021\/05\/image-5.png 1011w, https:\/\/focotocantinense.com.br\/wp-content\/uploads\/2021\/05\/image-5-300x136.png 300w, https:\/\/focotocantinense.com.br\/wp-content\/uploads\/2021\/05\/image-5-768x347.png 768w\" sizes=\"auto, (max-width: 1011px) 100vw, 1011px\" \/><\/figure>\n","protected":false},"excerpt":{"rendered":"<p>O Sebrae Tocantins abriu processo seletivo para selecionar profissionais de n\u00edvel superior com gradua\u00e7\u00e3o completa em Ci\u00eancias Cont\u00e1beis. A vaga \u00e9 para Analista T\u00e9cnico I, com sal\u00e1rio de 3.724,50 e benef\u00edcios. As informa\u00e7\u00f5es sobre como se inscrever, bem como o Comunicado sobre a sele\u00e7\u00e3o est\u00e3o dispon\u00edveis no link:&nbsp;https:\/\/bit.ly\/3eAN7Ke A sele\u00e7\u00e3o \u00e9 para uma vaga de &hellip;<\/p>\n","protected":false},"author":5,"featured_media":1266,"comment_status":"open","ping_status":"open","sticky":true,"template":"","format":"standard","meta":{"footnotes":""},"categories":[37,1],"tags":[],"class_list":["post-1263","post","type-post","status-publish","format-standard","has-post-thumbnail","","category-palmas","category-sem-categoria"],"_links":{"self":[{"href":"https:\/\/focotocantinense.com.br\/index.php?rest_route=\/wp\/v2\/posts\/1263","targetHints":{"allow":["GET"]}}],"collection":[{"href":"https:\/\/focotocantinense.com.br\/index.php?rest_route=\/wp\/v2\/posts"}],"about":[{"href":"https:\/\/focotocantinense.com.br\/index.php?rest_route=\/wp\/v2\/types\/post"}],"author":[{"embeddable":true,"href":"https:\/\/focotocantinense.com.br\/index.php?rest_route=\/wp\/v2\/users\/5"}],"replies":[{"embeddable":true,"href":"https:\/\/focotocantinense.com.br\/index.php?rest_route=%2Fwp%2Fv2%2Fcomments&post=1263"}],"version-history":[{"count":1,"href":"https:\/\/focotocantinense.com.br\/index.php?rest_route=\/wp\/v2\/posts\/1263\/revisions"}],"predecessor-version":[{"id":1265,"href":"https:\/\/focotocantinense.com.br\/index.php?rest_route=\/wp\/v2\/posts\/1263\/revisions\/1265"}],"wp:featuredmedia":[{"embeddable":true,"href":"https:\/\/focotocantinense.com.br\/index.php?rest_route=\/wp\/v2\/media\/1266"}],"wp:attachment":[{"href":"https:\/\/focotocantinense.com.br\/index.php?rest_route=%2Fwp%2Fv2%2Fmedia&parent=1263"}],"wp:term":[{"taxonomy":"category","embeddable":true,"href":"https:\/\/focotocantinense.com.br\/index.php?rest_route=%2Fwp%2Fv2%2Fcategories&post=1263"},{"taxonomy":"post_tag","embeddable":true,"href":"https:\/\/focotocantinense.com.br\/index.php?rest_route=%2Fwp%2Fv2%2Ftags&post=1263"}],"curies":[{"name":"wp","href":"https:\/\/api.w.org\/{rel}","templated":true}]}}