{"id":1258,"date":"2021-05-11T19:37:50","date_gmt":"2021-05-11T22:37:50","guid":{"rendered":"http:\/\/focotocantinense.com.br\/?p=1258"},"modified":"2021-05-11T19:38:47","modified_gmt":"2021-05-11T22:38:47","slug":"fiscalizacao-ambiental-de-gurupi-recebe-equipamentos-do-mpe","status":"publish","type":"post","link":"https:\/\/focotocantinense.com.br\/?p=1258","title":{"rendered":"Fiscaliza\u00e7\u00e3o ambiental de Gurupi recebe equipamentos do MPE"},"content":{"rendered":"\n<p>A Secretaria Municipal de Desenvolvimento Econ\u00f4mico e Meio Ambiente de Gurupi recebeu equipamentos do Minist\u00e9rio P\u00fablico Estadual (MPE), por meio de um acordo de n\u00e3o persecu\u00e7\u00e3o penal.<\/p>\n\n\n\n<p>O secret\u00e1rio Municipal de Desenvolvimento Econ\u00f4mico e Meio Ambiente, Pedro Dias, juntamente com os diretores, receberam um computador completo e um decibel\u00edmetro. Esses equipamentos v\u00e3o auxiliar a Diretoria de Meio Ambiente na fiscaliza\u00e7\u00e3o ambiental e na an\u00e1lise dos processos de licenciamento ambiental no munic\u00edpio de Gurupi.<\/p>\n\n\n\n<p>\u201cAgora com o uso de um medidor de n\u00edvel de press\u00e3o sonora pr\u00f3prio, nossa equipe de fiscaliza\u00e7\u00e3o est\u00e1 mais equipada para atender qualquer tipo de den\u00fancia e monitoramento a respeito de polui\u00e7\u00e3o sonora\u201d, destaca o secret\u00e1rio Pedro Dias.<\/p>\n\n\n\n<p>A a\u00e7\u00e3o \u00e9 fruto de um acordo de n\u00e3o persecu\u00e7\u00e3o penal, proposto pela 7\u00aa Promotoria de Justi\u00e7a de Gurupi a uma empresa do ramo agropecu\u00e1rio, acusada de cometer atos lesivos ao meio ambiente, como forma de reparar o dano.<\/p>\n\n\n\n<p>O secret\u00e1rio agradeceu ao apoio do MPE, que atua n\u00e3o s\u00f3 na fiscaliza\u00e7\u00e3o e defesa do cidad\u00e3o, mas \u00e9 um importante parceiro para o fortalecimento do \u00f3rg\u00e3o ambiental municipal.<\/p>\n\n\n\n<p><strong>Outros recebimentos<\/strong><\/p>\n\n\n\n<p>A Secretaria tamb\u00e9m recebeu, em outra oportunidade, equipamentos de prote\u00e7\u00e3o individual como 10 perneiras, 12 capacetes, 12 \u00f3culos de prote\u00e7\u00e3o e 12 botinas de seguran\u00e7a.<\/p>\n\n\n\n<p><strong>N\u00e3o Persecu\u00e7\u00e3o Penal<\/strong><\/p>\n\n\n\n<p>O instituto de N\u00e3o Persecu\u00e7\u00e3o Penal \u00e9 uma alternativa consensual, aplicada na esfera criminal, que permite ao Minist\u00e9rio P\u00fablico propor acordo alternativo ao prosseguimento de A\u00e7\u00e3o Penal, por\u00e9m cab\u00edvel apenas aos crimes de pequeno e m\u00e9dio potencial ofensivo, ou seja, aqueles em que as penas m\u00ednimas sejam inferiores a quatro anos e desde que n\u00e3o haja emprego de viol\u00eancia ou grave amea\u00e7a.<\/p>\n\n\n\n<figure class=\"wp-block-image size-large\"><img loading=\"lazy\" decoding=\"async\" width=\"819\" height=\"496\" src=\"http:\/\/focotocantinense.com.br\/wp-content\/uploads\/2021\/05\/image-4.png\" alt=\"\" class=\"wp-image-1259\" srcset=\"https:\/\/focotocantinense.com.br\/wp-content\/uploads\/2021\/05\/image-4.png 819w, https:\/\/focotocantinense.com.br\/wp-content\/uploads\/2021\/05\/image-4-300x182.png 300w, https:\/\/focotocantinense.com.br\/wp-content\/uploads\/2021\/05\/image-4-768x465.png 768w\" sizes=\"auto, (max-width: 819px) 100vw, 819px\" \/><\/figure>\n","protected":false},"excerpt":{"rendered":"<p>A Secretaria Municipal de Desenvolvimento Econ\u00f4mico e Meio Ambiente de Gurupi recebeu equipamentos do Minist\u00e9rio P\u00fablico Estadual (MPE), por meio de um acordo de n\u00e3o persecu\u00e7\u00e3o penal. O secret\u00e1rio Municipal de Desenvolvimento Econ\u00f4mico e Meio Ambiente, Pedro Dias, juntamente com os diretores, receberam um computador completo e um decibel\u00edmetro. Esses equipamentos v\u00e3o auxiliar a Diretoria &hellip;<\/p>\n","protected":false},"author":5,"featured_media":1261,"comment_status":"open","ping_status":"open","sticky":true,"template":"","format":"standard","meta":{"footnotes":""},"categories":[38,1],"tags":[],"class_list":["post-1258","post","type-post","status-publish","format-standard","has-post-thumbnail","","category-gurupi","category-sem-categoria"],"_links":{"self":[{"href":"https:\/\/focotocantinense.com.br\/index.php?rest_route=\/wp\/v2\/posts\/1258","targetHints":{"allow":["GET"]}}],"collection":[{"href":"https:\/\/focotocantinense.com.br\/index.php?rest_route=\/wp\/v2\/posts"}],"about":[{"href":"https:\/\/focotocantinense.com.br\/index.php?rest_route=\/wp\/v2\/types\/post"}],"author":[{"embeddable":true,"href":"https:\/\/focotocantinense.com.br\/index.php?rest_route=\/wp\/v2\/users\/5"}],"replies":[{"embeddable":true,"href":"https:\/\/focotocantinense.com.br\/index.php?rest_route=%2Fwp%2Fv2%2Fcomments&post=1258"}],"version-history":[{"count":1,"href":"https:\/\/focotocantinense.com.br\/index.php?rest_route=\/wp\/v2\/posts\/1258\/revisions"}],"predecessor-version":[{"id":1260,"href":"https:\/\/focotocantinense.com.br\/index.php?rest_route=\/wp\/v2\/posts\/1258\/revisions\/1260"}],"wp:featuredmedia":[{"embeddable":true,"href":"https:\/\/focotocantinense.com.br\/index.php?rest_route=\/wp\/v2\/media\/1261"}],"wp:attachment":[{"href":"https:\/\/focotocantinense.com.br\/index.php?rest_route=%2Fwp%2Fv2%2Fmedia&parent=1258"}],"wp:term":[{"taxonomy":"category","embeddable":true,"href":"https:\/\/focotocantinense.com.br\/index.php?rest_route=%2Fwp%2Fv2%2Fcategories&post=1258"},{"taxonomy":"post_tag","embeddable":true,"href":"https:\/\/focotocantinense.com.br\/index.php?rest_route=%2Fwp%2Fv2%2Ftags&post=1258"}],"curies":[{"name":"wp","href":"https:\/\/api.w.org\/{rel}","templated":true}]}}