{"id":1253,"date":"2021-05-11T19:26:21","date_gmt":"2021-05-11T22:26:21","guid":{"rendered":"http:\/\/focotocantinense.com.br\/?p=1253"},"modified":"2021-05-11T19:28:21","modified_gmt":"2021-05-11T22:28:21","slug":"prefeitura-de-palmas-ouve-demandas-do-setor-de-bares-e-restaurantes","status":"publish","type":"post","link":"https:\/\/focotocantinense.com.br\/?p=1253","title":{"rendered":"Prefeitura de Palmas ouve demandas do setor de bares e restaurantes"},"content":{"rendered":"\n<p><br>O Centro de Opera\u00e7\u00f5es de Emerg\u00eancia em Sa\u00fade (COE-Palmas Covid-19) reuniu-se com representantes da Associa\u00e7\u00e3o Brasileira de Bares e Restaurantes (Abrasel-TO), na manh\u00e3 desta ter\u00e7a-feira, 11, para dialogar com o segmento sobre as medidas sanit\u00e1rias de enfrentamento da pandemia do novo coronav\u00edrus que impactam o setor. O encontro ocorreu no audit\u00f3rio da Secretaria da Sa\u00fade (Semus) e contou com as presen\u00e7as de membros da diretoria da entidade e de secret\u00e1rios municipais.<\/p>\n\n\n\n<p>Na oportunidade, foi apresentado um resumo dos decretos municipais editados desde a confirma\u00e7\u00e3o do primeiro caso de Covid-19, em mar\u00e7o de 2020, at\u00e9 o momento. O resumo focou nas medidas que afetam diretamente o segmento, paralelamente aos indicadores da doen\u00e7a nas respectivas datas de edi\u00e7\u00e3o dos decretos. Indicadores estes que s\u00e3o norteadores na tomada de decis\u00f5es sobre o funcionamento das atividades n\u00e3o essenciais, visando reduzir a transmissibilidade do v\u00edrus.<\/p>\n\n\n\n<p>O secret\u00e1rio-executivo da Sa\u00fade e presidente do COE, Daniel Borini, explicou que o coron\u00f4metro, ferramenta auxiliar no acompanhamento da evolu\u00e7\u00e3o do cen\u00e1rio epidemiol\u00f3gico e da capacidade instalada para o enfrentamento da Covid-19, \u00e9 um dos norteadores para a ado\u00e7\u00e3o de medidas sanit\u00e1rias. \u201cO COE se utiliza de todas as ferramentas poss\u00edveis, como o coron\u00f4metro, para orientar a gest\u00e3o quanto \u00e0s medidas a serem tomadas. Quem toma as decis\u00f5es \u00e9 a gest\u00e3o municipal, com secret\u00e1rios de diversas \u00e1reas juntamente com a prefeita, sempre muito bem municiada de informa\u00e7\u00f5es t\u00e9cnicas e base cient\u00edfica que retratam tanto o cen\u00e1rio presente, quanto proje\u00e7\u00f5es futuras\u201d, disse Borini.<\/p>\n\n\n\n<p>Empres\u00e1rios<\/p>\n\n\n\n<p>A presidente da Abrasel-TO, empres\u00e1ria Ana Paula Setti, falou sobre as dificuldades que o setor vem enfrentando desde o in\u00edcio da pandemia, e refor\u00e7ou o compromisso dos associados de respeitar os protocolos sanit\u00e1rios. \u201cO com\u00e9rcio nunca parou, seja seguindo as medidas restritivas ou na ilegalidade, por isso viemos em busca de uma parceria com o COE para tentarmos flexibilizar, seguindo todos os protocolos necess\u00e1rios, pois temos capacidade de atender \u00e0s normas.\u201d<\/p>\n\n\n\n<p>Propriet\u00e1rio do restaurante Dona Maria Beach, o empres\u00e1rio Daniel Oliveira destacou, al\u00e9m do compromisso do segmento de bares e restaurantes com seus funcion\u00e1rios, o respeito \u00e0s medidas sanit\u00e1rias. &nbsp;\u201cQueremos trabalhar dentro do estipulado pelo COE, pois sabemos que t\u00eam aqueles que atuam na ilegalidade. Mas acreditamos que \u00e9 poss\u00edvel, desde que cumprindo todas as normas e exig\u00eancias.&#8221;<\/p>\n\n\n\n<p>Cautela<\/p>\n\n\n\n<p>O secret\u00e1rio interino da Sa\u00fade (Semus), Thiago Marconi, manifestou solidariedade ao setor, mas deixou claro que a preocupa\u00e7\u00e3o primeira da administra\u00e7\u00e3o municipal \u00e9 com a vida dos palmenses. &#8220;N\u00e3o estamos contra com o com\u00e9rcio, ao contr\u00e1rio, pensamos e queremos retomar as atividades normalmente, mas temos que ter cautela, pois a pandemia infelizmente n\u00e3o acabou. Tanto que estamos aparelhando a Sa\u00fade, pois caso tenhamos uma terceira onda, devemos estar preparados.&#8221;<\/p>\n\n\n\n<p>Em vigor desde esta segunda-feira, 10 de maio, o&nbsp;<a href=\"https:\/\/legislativo.palmas.to.gov.br\/media\/leis\/decreto-2044-2021-05-05-7-5-2021-13-20-53.pdf\" target=\"_blank\" rel=\"noreferrer noopener\">Decreto n\u00ba 2.044<\/a>&nbsp;ampliou para 50% da capacidade do estabelecimento, o limite de clientes atendidos dentro dos restaurantes, no hor\u00e1rio das 11h \u00e0s 15h, todos os dias da semana. Mas manteve a suspens\u00e3o do atendimento presencial no per\u00edodo da noite, inclusive para os bares. A reivindica\u00e7\u00e3o da Abrasel \u00e9 a libera\u00e7\u00e3o do atendimento presencial at\u00e9 \u00e0s 23 horas, mantendo o limite de 50%.<\/p>\n\n\n\n<p>&#8220;A proposta apresentada \u00e9 interessante, mas precisamos avaliar se leva em considera\u00e7\u00e3o a \u00e1rea t\u00e9cnica da sa\u00fade ou apenas o impacto financeiro desses com\u00e9rcios. A gest\u00e3o n\u00e3o tem interesse em fechar nada, mas as medidas restritivas s\u00e3o tomadas conforme necessidade apresentada pelo COE&#8221;, destacou o procurador-geral do Munic\u00edpio, Mauro Ribas.<\/p>\n\n\n\n<p>Daniel Borini se comprometeu a levar a proposta da Abrasel para discuss\u00e3o no COE, e agendou para esta quinta-feira, 13, nova reuni\u00e3o com o setor para apresentar uma resposta. \u201cSaio daqui com outra perspectiva\u201d, disse Ana Paula, que estava acompanhada do assessor jur\u00eddico da entidade, Gustavo Pereira.<\/p>\n\n\n\n<p>Tamb\u00e9m participaram da reuni\u00e3o os secret\u00e1rios de Desenvolvimento Urbano e Servi\u00e7os Regionais, Carlos Braga, e da Casa Civil, Agostinho J\u00fanior, e o secret\u00e1rio-executivo de Desenvolvimento Econ\u00f4mico e Emprego, Raimundo Cavalcante J\u00fanior.<\/p>\n\n\n\n<p>Para mais informa\u00e7\u00f5es sobre a Covid-19, acesse o site&nbsp;<a rel=\"noreferrer noopener\" href=\"https:\/\/coronavirus.palmas.to.gov.br\/\" target=\"_blank\">Plant\u00e3o Coronav\u00edrus<\/a>.<\/p>\n\n\n\n<figure class=\"wp-block-image size-large\"><img loading=\"lazy\" decoding=\"async\" width=\"777\" height=\"456\" src=\"http:\/\/focotocantinense.com.br\/wp-content\/uploads\/2021\/05\/image-3.png\" alt=\"\" class=\"wp-image-1254\" srcset=\"https:\/\/focotocantinense.com.br\/wp-content\/uploads\/2021\/05\/image-3.png 777w, https:\/\/focotocantinense.com.br\/wp-content\/uploads\/2021\/05\/image-3-300x176.png 300w, https:\/\/focotocantinense.com.br\/wp-content\/uploads\/2021\/05\/image-3-768x451.png 768w\" sizes=\"auto, (max-width: 777px) 100vw, 777px\" \/><\/figure>\n","protected":false},"excerpt":{"rendered":"<p>O Centro de Opera\u00e7\u00f5es de Emerg\u00eancia em Sa\u00fade (COE-Palmas Covid-19) reuniu-se com representantes da Associa\u00e7\u00e3o Brasileira de Bares e Restaurantes (Abrasel-TO), na manh\u00e3 desta ter\u00e7a-feira, 11, para dialogar com o segmento sobre as medidas sanit\u00e1rias de enfrentamento da pandemia do novo coronav\u00edrus que impactam o setor. O encontro ocorreu no audit\u00f3rio da Secretaria da Sa\u00fade &hellip;<\/p>\n","protected":false},"author":5,"featured_media":1256,"comment_status":"open","ping_status":"open","sticky":true,"template":"","format":"standard","meta":{"footnotes":""},"categories":[37,1],"tags":[],"class_list":["post-1253","post","type-post","status-publish","format-standard","has-post-thumbnail","","category-palmas","category-sem-categoria"],"_links":{"self":[{"href":"https:\/\/focotocantinense.com.br\/index.php?rest_route=\/wp\/v2\/posts\/1253","targetHints":{"allow":["GET"]}}],"collection":[{"href":"https:\/\/focotocantinense.com.br\/index.php?rest_route=\/wp\/v2\/posts"}],"about":[{"href":"https:\/\/focotocantinense.com.br\/index.php?rest_route=\/wp\/v2\/types\/post"}],"author":[{"embeddable":true,"href":"https:\/\/focotocantinense.com.br\/index.php?rest_route=\/wp\/v2\/users\/5"}],"replies":[{"embeddable":true,"href":"https:\/\/focotocantinense.com.br\/index.php?rest_route=%2Fwp%2Fv2%2Fcomments&post=1253"}],"version-history":[{"count":2,"href":"https:\/\/focotocantinense.com.br\/index.php?rest_route=\/wp\/v2\/posts\/1253\/revisions"}],"predecessor-version":[{"id":1257,"href":"https:\/\/focotocantinense.com.br\/index.php?rest_route=\/wp\/v2\/posts\/1253\/revisions\/1257"}],"wp:featuredmedia":[{"embeddable":true,"href":"https:\/\/focotocantinense.com.br\/index.php?rest_route=\/wp\/v2\/media\/1256"}],"wp:attachment":[{"href":"https:\/\/focotocantinense.com.br\/index.php?rest_route=%2Fwp%2Fv2%2Fmedia&parent=1253"}],"wp:term":[{"taxonomy":"category","embeddable":true,"href":"https:\/\/focotocantinense.com.br\/index.php?rest_route=%2Fwp%2Fv2%2Fcategories&post=1253"},{"taxonomy":"post_tag","embeddable":true,"href":"https:\/\/focotocantinense.com.br\/index.php?rest_route=%2Fwp%2Fv2%2Ftags&post=1253"}],"curies":[{"name":"wp","href":"https:\/\/api.w.org\/{rel}","templated":true}]}}