{"id":1249,"date":"2021-05-11T19:21:37","date_gmt":"2021-05-11T22:21:37","guid":{"rendered":"http:\/\/focotocantinense.com.br\/?p=1249"},"modified":"2021-05-11T19:22:52","modified_gmt":"2021-05-11T22:22:52","slug":"prefeitura-de-gurupi-publica-novo-decreto-com-medidas-de-enfrentamento-a-covid","status":"publish","type":"post","link":"https:\/\/focotocantinense.com.br\/?p=1249","title":{"rendered":"Prefeitura de Gurupi publica novo decreto com medidas de enfrentamento \u00e0 Covid"},"content":{"rendered":"\n<p>J\u00e1 est\u00e1 em vigor em Gurupi o novo decreto que foi publicado na noite desta segunda-feira, 10, com medidas de enfrentamento \u00e0 pandemia do Coronav\u00edrus, que valem a partir desta ter\u00e7a-feira, 11, e vai at\u00e9 o dia 31 de maio, podendo sofrer altera\u00e7\u00f5es de acordo com a evolu\u00e7\u00e3o do cen\u00e1rio epidemiol\u00f3gico da cidade.<\/p>\n\n\n\n<p>O documento, de n\u00famero 769\/2021, mant\u00e9m declarada a situa\u00e7\u00e3o de emerg\u00eancia em Gurupi e tamb\u00e9m o hor\u00e1rio de expediente nas reparti\u00e7\u00f5es p\u00fablicas municipais, que continua das 08 \u00e0s 14 horas, exceto na Secretaria Municipal de Sa\u00fade, que funcionar\u00e1 at\u00e9 18 horas, a partir de 17 de maio de 2021.<\/p>\n\n\n\n<p>Quanto \u00e0s restri\u00e7\u00f5es, o Artigo 11 descreve que ficam mantidas as suspens\u00f5es, por tempo indeterminado: todas as reuni\u00f5es, eventos p\u00fablicos e privados de qualquer natureza que favore\u00e7am a aglomera\u00e7\u00e3o de pessoas; atividades em clubes sociais e clubes recreativos; eventos culturais e cient\u00edficos; boates; casas noturnas; shows art\u00edsticos; festas em resid\u00eancias; o funcionamento de salas de leitura e bibliotecas, liberado o atendimento remoto.<\/p>\n\n\n\n<p>O novo decreto libera, por prazo indeterminado, os leil\u00f5es bovinos, desde que apresentem a autoriza\u00e7\u00e3o e documenta\u00e7\u00e3o sanit\u00e1ria pertinente \u00e0 atividade e sigam as normas de seguran\u00e7a preconizadas pela Organiza\u00e7\u00e3o Mundial de Sa\u00fade.<\/p>\n\n\n\n<p>Segundo o Artigo 14, os supermercados poder\u00e3o atender ao p\u00fablico das 05 \u00e0s 23 horas, seguindo as recomenda\u00e7\u00f5es de preven\u00e7\u00e3o \u00e0 Covid-19 contidas no documento.<\/p>\n\n\n\n<p>Os estabelecimentos comerciais, n\u00e3o previstos no Artigo 11, que pratiquem o com\u00e9rcio ou prestem servi\u00e7os de natureza privada, ficam liberados para funcionar das 05 \u00e0s 23 horas.<\/p>\n\n\n\n<p>Os com\u00e9rcios que atuam no ramo aliment\u00edcio, como restaurantes, sorveterias, a\u00e7aiterias, bares, padarias, lanchonetes, pamonharias, pit dogs, pizzarias, espetinhos, etc., que poder\u00e3o atender ao p\u00fablico das 05 \u00e0s 23 horas, permitido exclusivamente o delivery (entrega \u00e0 domic\u00edlio) at\u00e9 meia noite. Estes estabelecimentos precisam ainda restringir a lota\u00e7\u00e3o m\u00e1xima de 40% da capacidade m\u00e1xima; \u00e9 permitido, at\u00e9 23 horas, o consumo de bebidas alco\u00f3licas; e tamb\u00e9m est\u00e3o permitidas apresenta\u00e7\u00f5es musicais, solo ou em dupla, em ambientes que comportem somente participantes sentados, desde que n\u00e3o haja dan\u00e7a.<\/p>\n\n\n\n<p>Tamb\u00e9m est\u00e3o mantidos para funcionar das 05 \u00e0s 23 horas os templos religiosos e as academias de gin\u00e1sticas.<\/p>\n\n\n\n<p>O Artigo 20 libera a realiza\u00e7\u00e3o de cerim\u00f4nias de casamentos, coloca\u00e7\u00e3o de grau, culto ecum\u00eanico e anivers\u00e1rios at\u00e9 \u00e0s 23 horas, com lota\u00e7\u00e3o m\u00e1xima de 40% da capacidade m\u00e1xima e tamb\u00e9m est\u00e3o permitidas apresenta\u00e7\u00f5es musicais, solo ou em dupla, em ambientes que comportem somente participantes sentados, desde que n\u00e3o haja dan\u00e7a.<\/p>\n\n\n\n<p>J\u00e1 o Artigo 21, permite a realiza\u00e7\u00e3o de atividades esportivas amadoras at\u00e9 as 23 horas. \u00c9 preciso estabelecer lota\u00e7\u00e3o m\u00e1xima de 40% da capacidade m\u00e1xima; e \u00e9 proibida a presen\u00e7a de p\u00fablico externo e a realiza\u00e7\u00e3o de campeonatos.&nbsp; J\u00e1 as atividades esportivas profissionais devem seguir as regras expedidas pelo Governo do Estado.<\/p>\n\n\n\n<p><strong>Recomenda\u00e7\u00f5es<\/strong><\/p>\n\n\n\n<p>Os estabelecimentos em funcionamento dever\u00e3o seguir todas as normas preconizadas pela Organiza\u00e7\u00e3o Mundial de Sa\u00fade (OMS), bem como as contidas no citado decreto e adotar o uso obrigat\u00f3rio de m\u00e1scaras. Quanto \u00e0 circula\u00e7\u00e3o de pessoas, o &#8220;toque de recolher&#8221; passa a ser da meia noite \u00e0s 05 horas.<\/p>\n\n\n\n<p><strong>Penalidades<\/strong><\/p>\n\n\n\n<p>O descumprimento das normas sujeitar\u00e1 o infrator, conforme o caso, \u00e0s penalidades administrativas, c\u00edveis e criminais, inclusive, \u00e0 cassa\u00e7\u00e3o de alvar\u00e1, para atividades comerciais, na hip\u00f3tese de reincid\u00eancia.<\/p>\n\n\n\n<p>O decreto refor\u00e7a que a pessoa que for flagrada sem o uso de m\u00e1scara, que \u00e9 obrigat\u00f3rio, poder\u00e1 responder por crime contra a ordem e a sa\u00fade p\u00fablica e ainda estar\u00e1 sujeita a multa, conforme artigo 268 C\u00f3digo Penal Brasileiro.<\/p>\n\n\n\n<p><strong>Den\u00fancias<\/strong><\/p>\n\n\n\n<p>As den\u00fancias referentes ao descumprimento deste Decreto, poder\u00e3o ser realizadas por meio da Ouvidoria Geral do Munic\u00edpio, atrav\u00e9s do telefone fixo e WhatsApp (63) 3315-0077, no hor\u00e1rio das 8 \u00e0s 18 horas, de segunda a sexta-feira e WhatsApp Covid (63) 99206-5245, para receber den\u00fancias por mensagens de texto e \u00e1udio, todos os dias da semana, 24 horas por dia.<\/p>\n\n\n\n<p>Confira todos os detalhes, bem como todas as recomenda\u00e7\u00f5es e obrigatoriedades na \u00edntegra do novo documento:&nbsp;<a href=\"http:\/\/diariooficial.gurupi.to.gov.br\/arquivos\/edicao_normal\/DOMG-10052021-EN-245.pdf\">DECRETO N\u00ba 769\/2021<\/a>.<\/p>\n\n\n\n<figure class=\"wp-block-image\"><img decoding=\"async\" src=\"https:\/\/www.n1to.com.br\/img\/cache\/800x400\/80\/crop\/Imagem-aa78fae65a32b55e874313857590b1b6.jpg\" alt=\"\"\/><figcaption>(Prefeitura de Gurupi &#8211; Foto: Zacarias Martins)<\/figcaption><\/figure>\n","protected":false},"excerpt":{"rendered":"<p>J\u00e1 est\u00e1 em vigor em Gurupi o novo decreto que foi publicado na noite desta segunda-feira, 10, com medidas de enfrentamento \u00e0 pandemia do Coronav\u00edrus, que valem a partir desta ter\u00e7a-feira, 11, e vai at\u00e9 o dia 31 de maio, podendo sofrer altera\u00e7\u00f5es de acordo com a evolu\u00e7\u00e3o do cen\u00e1rio epidemiol\u00f3gico da cidade. O documento, &hellip;<\/p>\n","protected":false},"author":5,"featured_media":1251,"comment_status":"open","ping_status":"open","sticky":true,"template":"","format":"standard","meta":{"footnotes":""},"categories":[38,1],"tags":[86],"class_list":["post-1249","post","type-post","status-publish","format-standard","has-post-thumbnail","","category-gurupi","category-sem-categoria","tag-gurupi"],"_links":{"self":[{"href":"https:\/\/focotocantinense.com.br\/index.php?rest_route=\/wp\/v2\/posts\/1249","targetHints":{"allow":["GET"]}}],"collection":[{"href":"https:\/\/focotocantinense.com.br\/index.php?rest_route=\/wp\/v2\/posts"}],"about":[{"href":"https:\/\/focotocantinense.com.br\/index.php?rest_route=\/wp\/v2\/types\/post"}],"author":[{"embeddable":true,"href":"https:\/\/focotocantinense.com.br\/index.php?rest_route=\/wp\/v2\/users\/5"}],"replies":[{"embeddable":true,"href":"https:\/\/focotocantinense.com.br\/index.php?rest_route=%2Fwp%2Fv2%2Fcomments&post=1249"}],"version-history":[{"count":2,"href":"https:\/\/focotocantinense.com.br\/index.php?rest_route=\/wp\/v2\/posts\/1249\/revisions"}],"predecessor-version":[{"id":1252,"href":"https:\/\/focotocantinense.com.br\/index.php?rest_route=\/wp\/v2\/posts\/1249\/revisions\/1252"}],"wp:featuredmedia":[{"embeddable":true,"href":"https:\/\/focotocantinense.com.br\/index.php?rest_route=\/wp\/v2\/media\/1251"}],"wp:attachment":[{"href":"https:\/\/focotocantinense.com.br\/index.php?rest_route=%2Fwp%2Fv2%2Fmedia&parent=1249"}],"wp:term":[{"taxonomy":"category","embeddable":true,"href":"https:\/\/focotocantinense.com.br\/index.php?rest_route=%2Fwp%2Fv2%2Fcategories&post=1249"},{"taxonomy":"post_tag","embeddable":true,"href":"https:\/\/focotocantinense.com.br\/index.php?rest_route=%2Fwp%2Fv2%2Ftags&post=1249"}],"curies":[{"name":"wp","href":"https:\/\/api.w.org\/{rel}","templated":true}]}}