{"id":1242,"date":"2021-05-08T08:08:37","date_gmt":"2021-05-08T11:08:37","guid":{"rendered":"http:\/\/focotocantinense.com.br\/?p=1242"},"modified":"2021-05-08T08:10:07","modified_gmt":"2021-05-08T11:10:07","slug":"policia-militar-consolida-recebimento-de-imovel-institucional-em-lagoa-da-confusao","status":"publish","type":"post","link":"https:\/\/focotocantinense.com.br\/?p=1242","title":{"rendered":"Pol\u00edcia Militar consolida recebimento de im\u00f3vel institucional em Lagoa da Confus\u00e3o"},"content":{"rendered":"\n<p>Na manh\u00e3 desta quinta-feira, 6, a Pol\u00edcia Militar do Tocantins, por meio da&nbsp;4\u00aa Companhia Independente, atrav\u00e9s da C\u00e2mara de Vereadores e da Prefeitura Municipal de Lagoa da Confus\u00e3o,&nbsp;consolidaram a doa\u00e7\u00e3o de im\u00f3vel urbano habit\u00e1vel, situado na Rua Ant\u00f4nio Duarte, Quadra 11, lote 20, Setor Bandeirantes, utilizado como anexo da 4\u00aa CIPM desde 2011 e que j\u00e1 havia sido permutado por outro im\u00f3vel da Rua Vitorino Panta, que tamb\u00e9m havia sido usado pela PM desde 1996.<\/p>\n\n\n\n<p>Na \u00faltima sexta-feira, 30 de abril, foi apresentado pelo Presidente da C\u00e2mara de Vereadores, vereador Luiz Edvaldo,&nbsp;e votado no Plen\u00e1rio Djalma Francisco de Sousa e sancionado pelo Prefeito,Thiago Soares Carlos,&nbsp;nesta semana,&nbsp; a Lei n. 861 de 04 de maio 2021, publicada no Di\u00e1rio Oficial Eletr\u00f4nico do dia 05 do Munic\u00edpio de Lagoa da Confus\u00e3o, dando assim efetiva\u00e7\u00e3o plena da doa\u00e7\u00e3o do im\u00f3vel institucional \u00e0 Pol\u00edcia Militar, causa que se arrastava h\u00e1 mais de duas d\u00e9cadas.<\/p>\n\n\n\n<p>Para o Comandante da Unidade, o major Dianyr Jales da Silva, a conclus\u00e3o do procedimento pela C\u00e2mara e Prefeitura trouxe seguran\u00e7a jur\u00eddica \u00e0 Pol\u00edcia Militar no local, tendo em vista a rotatividade dos gestores p\u00fablicos. Al\u00e9m disso, dos im\u00f3veis urbanos que a PM at\u00e9 ent\u00e3o utilizou em Lagoa da Confus\u00e3o para suas atividades laborais, este \u00e9 o primeiro que consolida &#8211; se de fato e de direito \u00e0 propriedade ao Estado do Tocantins com destina\u00e7\u00e3o exclusiva \u00e0 Pol\u00edcia Militar, sendo assim um marco hist\u00f3rico para institui\u00e7\u00e3o no local, onde consequentemente agradeceu as autoridades locais pelo excelente feito.<\/p>\n\n\n\n<figure class=\"wp-block-image size-large\"><img loading=\"lazy\" decoding=\"async\" width=\"828\" height=\"509\" src=\"http:\/\/focotocantinense.com.br\/wp-content\/uploads\/2021\/05\/image-2.png\" alt=\"\" class=\"wp-image-1243\" srcset=\"https:\/\/focotocantinense.com.br\/wp-content\/uploads\/2021\/05\/image-2.png 828w, https:\/\/focotocantinense.com.br\/wp-content\/uploads\/2021\/05\/image-2-300x184.png 300w, https:\/\/focotocantinense.com.br\/wp-content\/uploads\/2021\/05\/image-2-768x472.png 768w\" sizes=\"auto, (max-width: 828px) 100vw, 828px\" \/><\/figure>\n","protected":false},"excerpt":{"rendered":"<p>Na manh\u00e3 desta quinta-feira, 6, a Pol\u00edcia Militar do Tocantins, por meio da&nbsp;4\u00aa Companhia Independente, atrav\u00e9s da C\u00e2mara de Vereadores e da Prefeitura Municipal de Lagoa da Confus\u00e3o,&nbsp;consolidaram a doa\u00e7\u00e3o de im\u00f3vel urbano habit\u00e1vel, situado na Rua Ant\u00f4nio Duarte, Quadra 11, lote 20, Setor Bandeirantes, utilizado como anexo da 4\u00aa CIPM desde 2011 e que &hellip;<\/p>\n","protected":false},"author":5,"featured_media":1245,"comment_status":"open","ping_status":"open","sticky":false,"template":"","format":"standard","meta":{"footnotes":""},"categories":[71,1],"tags":[],"class_list":["post-1242","post","type-post","status-publish","format-standard","has-post-thumbnail","","category-lagoa-da-confusao","category-sem-categoria"],"_links":{"self":[{"href":"https:\/\/focotocantinense.com.br\/index.php?rest_route=\/wp\/v2\/posts\/1242","targetHints":{"allow":["GET"]}}],"collection":[{"href":"https:\/\/focotocantinense.com.br\/index.php?rest_route=\/wp\/v2\/posts"}],"about":[{"href":"https:\/\/focotocantinense.com.br\/index.php?rest_route=\/wp\/v2\/types\/post"}],"author":[{"embeddable":true,"href":"https:\/\/focotocantinense.com.br\/index.php?rest_route=\/wp\/v2\/users\/5"}],"replies":[{"embeddable":true,"href":"https:\/\/focotocantinense.com.br\/index.php?rest_route=%2Fwp%2Fv2%2Fcomments&post=1242"}],"version-history":[{"count":1,"href":"https:\/\/focotocantinense.com.br\/index.php?rest_route=\/wp\/v2\/posts\/1242\/revisions"}],"predecessor-version":[{"id":1244,"href":"https:\/\/focotocantinense.com.br\/index.php?rest_route=\/wp\/v2\/posts\/1242\/revisions\/1244"}],"wp:featuredmedia":[{"embeddable":true,"href":"https:\/\/focotocantinense.com.br\/index.php?rest_route=\/wp\/v2\/media\/1245"}],"wp:attachment":[{"href":"https:\/\/focotocantinense.com.br\/index.php?rest_route=%2Fwp%2Fv2%2Fmedia&parent=1242"}],"wp:term":[{"taxonomy":"category","embeddable":true,"href":"https:\/\/focotocantinense.com.br\/index.php?rest_route=%2Fwp%2Fv2%2Fcategories&post=1242"},{"taxonomy":"post_tag","embeddable":true,"href":"https:\/\/focotocantinense.com.br\/index.php?rest_route=%2Fwp%2Fv2%2Ftags&post=1242"}],"curies":[{"name":"wp","href":"https:\/\/api.w.org\/{rel}","templated":true}]}}