{"id":1236,"date":"2021-05-07T19:24:19","date_gmt":"2021-05-07T22:24:19","guid":{"rendered":"http:\/\/focotocantinense.com.br\/?p=1236"},"modified":"2021-05-07T19:53:15","modified_gmt":"2021-05-07T22:53:15","slug":"dia-do-campo-em-tocantinia-incentiva-o-plantio-de-mudas-para-a-recuperacao-de-areas-degradadas","status":"publish","type":"post","link":"https:\/\/focotocantinense.com.br\/?p=1236","title":{"rendered":"Dia do Campo em Tocant\u00ednia incentiva o plantio de mudas para a recupera\u00e7\u00e3o de \u00e1reas degradadas"},"content":{"rendered":"\n<p><strong>Por Zacarias Martins&nbsp;<\/strong><\/p>\n\n\n\n<p>O plantio de mudas em prol da recupera\u00e7\u00e3o do Rio Piabanha, al\u00e9m do plantio&nbsp; de mudas na ch\u00e1cara do presidente da Associa\u00e7\u00e3o dos Pequenos Produtores de Tocant\u00ednia, o Raimundo Martins dos Reis, &nbsp;foram as a\u00e7\u00f5es colocadas em pr\u00e1tica pela Prefeitura de Tocant\u00ednia, por meio da equipe &nbsp;da Secretaria de Meio Ambiente e Saneamento B\u00e1sico, durante &nbsp;Dia do Campo, na quarta-feira, dia 5.<\/p>\n\n\n\n<p>De acordo com o secret\u00e1rio de Meio Ambiente e Saneamento B\u00e1sico\u00a0 de Tocant\u00ednia, Francisco Nardes, esse Dia do Campo teve por\u00a0 objetivo conscientizar a popula\u00e7\u00e3o do munic\u00edpio sobre a import\u00e2ncia de adotar pr\u00e1ticas sustent\u00e1veis entre o campo e o meio ambiente. Por isso,  a sua pasta desenvolve um conjunto de a\u00e7\u00f5es buscando recuperar as \u00e1reas degradadas, restabelecendo o seu equil\u00edbrio natural e, at\u00e9 mesmo, trazendo a recomposi\u00e7\u00e3o da estrutura do solo.<\/p>\n\n\n\n<figure class=\"wp-block-image size-large\"><img loading=\"lazy\" decoding=\"async\" width=\"1024\" height=\"697\" src=\"http:\/\/focotocantinense.com.br\/wp-content\/uploads\/2021\/05\/image-1-1024x697.png\" alt=\"\" class=\"wp-image-1237\" srcset=\"https:\/\/focotocantinense.com.br\/wp-content\/uploads\/2021\/05\/image-1-1024x697.png 1024w, https:\/\/focotocantinense.com.br\/wp-content\/uploads\/2021\/05\/image-1-300x204.png 300w, https:\/\/focotocantinense.com.br\/wp-content\/uploads\/2021\/05\/image-1-768x523.png 768w, https:\/\/focotocantinense.com.br\/wp-content\/uploads\/2021\/05\/image-1-110x75.png 110w, https:\/\/focotocantinense.com.br\/wp-content\/uploads\/2021\/05\/image-1.png 1028w\" sizes=\"auto, (max-width: 1024px) 100vw, 1024px\" \/><\/figure>\n","protected":false},"excerpt":{"rendered":"<p>Por Zacarias Martins&nbsp; O plantio de mudas em prol da recupera\u00e7\u00e3o do Rio Piabanha, al\u00e9m do plantio&nbsp; de mudas na ch\u00e1cara do presidente da Associa\u00e7\u00e3o dos Pequenos Produtores de Tocant\u00ednia, o Raimundo Martins dos Reis, &nbsp;foram as a\u00e7\u00f5es colocadas em pr\u00e1tica pela Prefeitura de Tocant\u00ednia, por meio da equipe &nbsp;da Secretaria de Meio Ambiente e &hellip;<\/p>\n","protected":false},"author":5,"featured_media":1239,"comment_status":"open","ping_status":"open","sticky":true,"template":"","format":"standard","meta":{"footnotes":""},"categories":[1,78],"tags":[],"class_list":["post-1236","post","type-post","status-publish","format-standard","has-post-thumbnail","","category-sem-categoria","category-tocantinia"],"_links":{"self":[{"href":"https:\/\/focotocantinense.com.br\/index.php?rest_route=\/wp\/v2\/posts\/1236","targetHints":{"allow":["GET"]}}],"collection":[{"href":"https:\/\/focotocantinense.com.br\/index.php?rest_route=\/wp\/v2\/posts"}],"about":[{"href":"https:\/\/focotocantinense.com.br\/index.php?rest_route=\/wp\/v2\/types\/post"}],"author":[{"embeddable":true,"href":"https:\/\/focotocantinense.com.br\/index.php?rest_route=\/wp\/v2\/users\/5"}],"replies":[{"embeddable":true,"href":"https:\/\/focotocantinense.com.br\/index.php?rest_route=%2Fwp%2Fv2%2Fcomments&post=1236"}],"version-history":[{"count":3,"href":"https:\/\/focotocantinense.com.br\/index.php?rest_route=\/wp\/v2\/posts\/1236\/revisions"}],"predecessor-version":[{"id":1241,"href":"https:\/\/focotocantinense.com.br\/index.php?rest_route=\/wp\/v2\/posts\/1236\/revisions\/1241"}],"wp:featuredmedia":[{"embeddable":true,"href":"https:\/\/focotocantinense.com.br\/index.php?rest_route=\/wp\/v2\/media\/1239"}],"wp:attachment":[{"href":"https:\/\/focotocantinense.com.br\/index.php?rest_route=%2Fwp%2Fv2%2Fmedia&parent=1236"}],"wp:term":[{"taxonomy":"category","embeddable":true,"href":"https:\/\/focotocantinense.com.br\/index.php?rest_route=%2Fwp%2Fv2%2Fcategories&post=1236"},{"taxonomy":"post_tag","embeddable":true,"href":"https:\/\/focotocantinense.com.br\/index.php?rest_route=%2Fwp%2Fv2%2Ftags&post=1236"}],"curies":[{"name":"wp","href":"https:\/\/api.w.org\/{rel}","templated":true}]}}