{"id":1229,"date":"2021-05-06T16:01:38","date_gmt":"2021-05-06T19:01:38","guid":{"rendered":"http:\/\/focotocantinense.com.br\/?p=1229"},"modified":"2021-05-06T16:06:40","modified_gmt":"2021-05-06T19:06:40","slug":"vereador-welice-cardoso-cobra-o-pagamento-da-data-base-aos-servidores-municipais-de-lagoa-da-confusao","status":"publish","type":"post","link":"https:\/\/focotocantinense.com.br\/?p=1229","title":{"rendered":"Vereador W\u00e9lice Cardoso cobra o pagamento da data-base aos servidores  municipais de Lagoa da Confus\u00e3o"},"content":{"rendered":"\n<p>Representante do segmento da Educa\u00e7\u00e3o na C\u00e2mara Municipal de Lagoa da Confus\u00e3o, o vereador W\u00e9lice Cardoso, do Partido Solidariedade, apresentou requerimento naquela Casa de leis endere\u00e7ado ao prefeito Thiago Carlos, solicitando que seja providenciado o pagamento da data-base&nbsp; 2021 para os professores&nbsp; que integram os quadros&nbsp; de servidores &nbsp;da Secretaria Municipal de educa\u00e7\u00e3o, Cultura e Desporto.<\/p>\n\n\n\n<p><strong>Sa\u00fade<\/strong><\/p>\n\n\n\n<p>O vereador aproveitou e tamb\u00e9m cobrou o pagamento da data-base dos servidores do Quadro Geral e da Secretaria Municipal de Sa\u00fade, embasado nas Leis n\u00ba 728 e 730, de 2016.<\/p>\n\n\n\n<p>Ao justificar o seu requerimento que foi aprovado pela C\u00e2mara de Vereadores, W\u00e9lice Cardoso lembrou que o direito desses servidores \u00e0 data-base est\u00e1 resguardado na Lei n\u00ba 681\/2015, &nbsp;que trata do&nbsp; Plano de Cargos, Carreiras e Sal\u00e1rios&nbsp; da categoria.<\/p>\n\n\n\n<p><strong>Notebook<\/strong><\/p>\n\n\n\n<p>Em outro requerimento igualmente aprovado no plen\u00e1rio da C\u00e2mara Municipal de Lagoa da Confus\u00e3o, o vereador W\u00e9lice Cardoso solicita da Prefeitura a aquisi\u00e7\u00e3o de notebooks para os alunos da Rede Municipal de Educa\u00e7\u00e3o.<\/p>\n\n\n\n<p>Nesse requerimento que foi subscrito pelos vereadores Norah Carmem e Romivaldo Martins, o vereador W\u00e9lice Cardoso argumenta que a utiliza\u00e7\u00e3o desses notebooks ir\u00e1 inovar a educa\u00e7\u00e3o, pois a partir do momento em que tenha acesso a esse recurso tecnol\u00f3gico, passa a ter, tamb\u00e9m, um maior significado do ensino para a sua vida<strong><em>. (Zacarias Martins)<\/em><\/strong><\/p>\n\n\n\n<figure class=\"wp-block-image size-large\"><img loading=\"lazy\" decoding=\"async\" width=\"1024\" height=\"683\" src=\"http:\/\/focotocantinense.com.br\/wp-content\/uploads\/2021\/05\/image-1024x683.png\" alt=\"\" class=\"wp-image-1234\" srcset=\"https:\/\/focotocantinense.com.br\/wp-content\/uploads\/2021\/05\/image-1024x683.png 1024w, https:\/\/focotocantinense.com.br\/wp-content\/uploads\/2021\/05\/image-300x200.png 300w, https:\/\/focotocantinense.com.br\/wp-content\/uploads\/2021\/05\/image-768x512.png 768w, https:\/\/focotocantinense.com.br\/wp-content\/uploads\/2021\/05\/image.png 1527w\" sizes=\"auto, (max-width: 1024px) 100vw, 1024px\" \/><figcaption>V<strong>ereador Professor W\u00e9lice Cardoso, autor das propostas.<\/strong><\/figcaption><\/figure>\n\n\n\n<p><\/p>\n","protected":false},"excerpt":{"rendered":"<p>Representante do segmento da Educa\u00e7\u00e3o na C\u00e2mara Municipal de Lagoa da Confus\u00e3o, o vereador W\u00e9lice Cardoso, do Partido Solidariedade, apresentou requerimento naquela Casa de leis endere\u00e7ado ao prefeito Thiago Carlos, solicitando que seja providenciado o pagamento da data-base&nbsp; 2021 para os professores&nbsp; que integram os quadros&nbsp; de servidores &nbsp;da Secretaria Municipal de educa\u00e7\u00e3o, Cultura e &hellip;<\/p>\n","protected":false},"author":5,"featured_media":1231,"comment_status":"open","ping_status":"open","sticky":true,"template":"","format":"standard","meta":{"footnotes":""},"categories":[71,1],"tags":[],"class_list":["post-1229","post","type-post","status-publish","format-standard","has-post-thumbnail","","category-lagoa-da-confusao","category-sem-categoria"],"_links":{"self":[{"href":"https:\/\/focotocantinense.com.br\/index.php?rest_route=\/wp\/v2\/posts\/1229","targetHints":{"allow":["GET"]}}],"collection":[{"href":"https:\/\/focotocantinense.com.br\/index.php?rest_route=\/wp\/v2\/posts"}],"about":[{"href":"https:\/\/focotocantinense.com.br\/index.php?rest_route=\/wp\/v2\/types\/post"}],"author":[{"embeddable":true,"href":"https:\/\/focotocantinense.com.br\/index.php?rest_route=\/wp\/v2\/users\/5"}],"replies":[{"embeddable":true,"href":"https:\/\/focotocantinense.com.br\/index.php?rest_route=%2Fwp%2Fv2%2Fcomments&post=1229"}],"version-history":[{"count":2,"href":"https:\/\/focotocantinense.com.br\/index.php?rest_route=\/wp\/v2\/posts\/1229\/revisions"}],"predecessor-version":[{"id":1235,"href":"https:\/\/focotocantinense.com.br\/index.php?rest_route=\/wp\/v2\/posts\/1229\/revisions\/1235"}],"wp:featuredmedia":[{"embeddable":true,"href":"https:\/\/focotocantinense.com.br\/index.php?rest_route=\/wp\/v2\/media\/1231"}],"wp:attachment":[{"href":"https:\/\/focotocantinense.com.br\/index.php?rest_route=%2Fwp%2Fv2%2Fmedia&parent=1229"}],"wp:term":[{"taxonomy":"category","embeddable":true,"href":"https:\/\/focotocantinense.com.br\/index.php?rest_route=%2Fwp%2Fv2%2Fcategories&post=1229"},{"taxonomy":"post_tag","embeddable":true,"href":"https:\/\/focotocantinense.com.br\/index.php?rest_route=%2Fwp%2Fv2%2Ftags&post=1229"}],"curies":[{"name":"wp","href":"https:\/\/api.w.org\/{rel}","templated":true}]}}