{"id":1226,"date":"2021-05-05T17:37:02","date_gmt":"2021-05-05T20:37:02","guid":{"rendered":"http:\/\/focotocantinense.com.br\/?p=1226"},"modified":"2021-05-05T17:40:18","modified_gmt":"2021-05-05T20:40:18","slug":"nomeada-nova-secretaria-de-comunicacao-da-prefeitura-de-gurupi","status":"publish","type":"post","link":"https:\/\/focotocantinense.com.br\/?p=1226","title":{"rendered":"Nomeada nova secret\u00e1ria de comunica\u00e7\u00e3o da Prefeitura de Gurupi"},"content":{"rendered":"\n<p>Nesta ter\u00e7a-feira (04), a Prefeita Josi Nunes nomeou a jornalista Nic\u00e9ia Menegon como Secret\u00e1ria Municipal de Comunica\u00e7\u00e3o da Prefeitura de Gurupi. O decreto de nomea\u00e7\u00e3o foi publicado na edi\u00e7\u00e3o n\u00ba 241 do Di\u00e1rio Oficial do Munic\u00edpio.<\/p>\n\n\n\n<p>Nic\u00e9ia \u00e9 natural de Sarandi (RS), cresceu em Alvorada (TO) e formou-se na segunda turma de&nbsp;Comunica\u00e7\u00e3o Social, da Unitins, em Palmas. Especializada em Assessoria de Imprensa e com MBA em Marketing Pol\u00edtico, sempre atuou na \u00e1rea de comunica\u00e7\u00e3o, no mercado privado e p\u00fablico.<\/p>\n\n\n\n<p>Sua trajet\u00f3ria profissional mais expressiva aconteceu na \u00e1rea da publicidade, por mais de 10 anos. Atuou em diversas campanhas eleitorais. Tamb\u00e9m foi coordenadora de publicidade e diretora de comunica\u00e7\u00e3o da Defensoria P\u00fablica do Tocantins, onde atuou por 6 anos. Recentemente, atuava na Secretaria da Comunica\u00e7\u00e3o do Estado, na diretoria de marketing, como gerente de planejamento e pesquisa.<\/p>\n\n\n\n<p>Sobre o novo desafio, Nic\u00e9ia se mostrou entusiasmada e agradeceu pela confian\u00e7a em seu nome para o cargo. &#8220;Fiquei honrada com o convite, o recebi com muita alegria. Admiro a trajet\u00f3ria da prefeita Josi Nunes, j\u00e1 trabalhamos juntas e quero somar com a equipe de comunica\u00e7\u00e3o e de toda a gest\u00e3o municipal de Gurupi&#8221;, disse a secret\u00e1ria.<\/p>\n","protected":false},"excerpt":{"rendered":"<p>Nesta ter\u00e7a-feira (04), a Prefeita Josi Nunes nomeou a jornalista Nic\u00e9ia Menegon como Secret\u00e1ria Municipal de Comunica\u00e7\u00e3o da Prefeitura de Gurupi. O decreto de nomea\u00e7\u00e3o foi publicado na edi\u00e7\u00e3o n\u00ba 241 do Di\u00e1rio Oficial do Munic\u00edpio. Nic\u00e9ia \u00e9 natural de Sarandi (RS), cresceu em Alvorada (TO) e formou-se na segunda turma de&nbsp;Comunica\u00e7\u00e3o Social, da Unitins, &hellip;<\/p>\n","protected":false},"author":5,"featured_media":1228,"comment_status":"open","ping_status":"open","sticky":false,"template":"","format":"standard","meta":{"footnotes":""},"categories":[38,1],"tags":[],"class_list":["post-1226","post","type-post","status-publish","format-standard","has-post-thumbnail","","category-gurupi","category-sem-categoria"],"_links":{"self":[{"href":"https:\/\/focotocantinense.com.br\/index.php?rest_route=\/wp\/v2\/posts\/1226","targetHints":{"allow":["GET"]}}],"collection":[{"href":"https:\/\/focotocantinense.com.br\/index.php?rest_route=\/wp\/v2\/posts"}],"about":[{"href":"https:\/\/focotocantinense.com.br\/index.php?rest_route=\/wp\/v2\/types\/post"}],"author":[{"embeddable":true,"href":"https:\/\/focotocantinense.com.br\/index.php?rest_route=\/wp\/v2\/users\/5"}],"replies":[{"embeddable":true,"href":"https:\/\/focotocantinense.com.br\/index.php?rest_route=%2Fwp%2Fv2%2Fcomments&post=1226"}],"version-history":[{"count":1,"href":"https:\/\/focotocantinense.com.br\/index.php?rest_route=\/wp\/v2\/posts\/1226\/revisions"}],"predecessor-version":[{"id":1227,"href":"https:\/\/focotocantinense.com.br\/index.php?rest_route=\/wp\/v2\/posts\/1226\/revisions\/1227"}],"wp:featuredmedia":[{"embeddable":true,"href":"https:\/\/focotocantinense.com.br\/index.php?rest_route=\/wp\/v2\/media\/1228"}],"wp:attachment":[{"href":"https:\/\/focotocantinense.com.br\/index.php?rest_route=%2Fwp%2Fv2%2Fmedia&parent=1226"}],"wp:term":[{"taxonomy":"category","embeddable":true,"href":"https:\/\/focotocantinense.com.br\/index.php?rest_route=%2Fwp%2Fv2%2Fcategories&post=1226"},{"taxonomy":"post_tag","embeddable":true,"href":"https:\/\/focotocantinense.com.br\/index.php?rest_route=%2Fwp%2Fv2%2Ftags&post=1226"}],"curies":[{"name":"wp","href":"https:\/\/api.w.org\/{rel}","templated":true}]}}