{"id":12174,"date":"2026-04-29T07:48:17","date_gmt":"2026-04-29T10:48:17","guid":{"rendered":"https:\/\/focotocantinense.com.br\/?p=12174"},"modified":"2026-04-29T07:50:04","modified_gmt":"2026-04-29T10:50:04","slug":"forum-regional-de-cultura-movimenta-gurupi-na-busca-do-fortalecimento-das-politicas-culturais","status":"publish","type":"post","link":"https:\/\/focotocantinense.com.br\/?p=12174","title":{"rendered":"F\u00f3rum Regional de Cultura movimenta Gurupi na busca do fortalecimento das pol\u00edticas culturais"},"content":{"rendered":"\n<p>Numa realiza\u00e7\u00e3o do&nbsp; Comit\u00ea de Cultura no Tocantins, foi aberto oficialmente, na noite de ter\u00e7a-feira, 28,no Centro Cultural Mauro Cunha,&nbsp; o F\u00f3rum Regional de Cultura de Gurupi, em parceria com a Secretaria Municipal de Cultura de Gurupi.<\/p>\n\n\n\n<figure class=\"wp-block-image is-resized\"><a href=\"https:\/\/blogger.googleusercontent.com\/img\/b\/R29vZ2xl\/AVvXsEhpcsziLtmuNhvjQhePa_IKZnlCHMoiKhPqW7TZaSiIzXFcfBvMVAnZKmDUm9Qr0w9iIa-BmImbYPPWD33IAYpM0cwI0QcuIPte43acRKnSq3kLjuuCiz_z-Er3PaJ9cSSgd-crFWWZ8bla7HWzN5TP1ol-XM8Ds-jJHPyMgBwb-p7XV0DbYLReTV4IVAyD\/s1280\/8%20%20Foram%20de%20Cultura%20em%20Gurupi%20-%20Foto%20Letticia%20Japiassu.jpeg\"><img decoding=\"async\" src=\"https:\/\/blogger.googleusercontent.com\/img\/b\/R29vZ2xl\/AVvXsEhpcsziLtmuNhvjQhePa_IKZnlCHMoiKhPqW7TZaSiIzXFcfBvMVAnZKmDUm9Qr0w9iIa-BmImbYPPWD33IAYpM0cwI0QcuIPte43acRKnSq3kLjuuCiz_z-Er3PaJ9cSSgd-crFWWZ8bla7HWzN5TP1ol-XM8Ds-jJHPyMgBwb-p7XV0DbYLReTV4IVAyD\/w545-h364\/8%20%20Foram%20de%20Cultura%20em%20Gurupi%20-%20Foto%20Letticia%20Japiassu.jpeg\" alt=\"\" style=\"aspect-ratio:1.4973064491303678;width:369px;height:auto\"\/><\/a><\/figure>\n\n\n\n<p><\/p>\n\n\n\n<p>Com a presen\u00e7a da prefeita Josi Nunes, do chefe do escrit\u00f3rio de representa\u00e7\u00e3o do Minist\u00e9rio da Cultura (MinC) no Tocantins, C\u00edcero Bel\u00e9m, do coordenador do Comit\u00ea e Cultura no Tocantins, Kak\u00e1 Nogueira, dentre outras autoridades,&nbsp; o evento reuniu&nbsp; &nbsp;artistas, produtores culturais, fazedores de cultura, gestores p\u00fablicos e a comunidade em geral e prossegue nesta quarta-feira, 29, com vasta programa\u00e7\u00e3o,&nbsp; debates, apresenta\u00e7\u00f5es art\u00edsticas e constru\u00e7\u00e3o coletiva em torno do fortalecimento das pol\u00edticas p\u00fablicas culturais no munic\u00edpio.<\/p>\n\n\n\n<figure class=\"wp-block-image is-resized\"><a href=\"https:\/\/blogger.googleusercontent.com\/img\/b\/R29vZ2xl\/AVvXsEiGw4-P5fzUeq7anNmtLNBy_ThK8N8EFgIWqaSzzXjVTX6gjTz43Qo1de8zvPma7vvlpR6cFs-sSVRtvC5JVCPUkM7N2uPMf5p64m2Kxg6DXGr39YX7nrC_8pqywUaqHmxLERh5IeR23HjFXzlcj6R4ZsyG5bjmu2JYY7mY5yCdCs4MJHWFbEj-hwW6vah7\/s1280\/2b%20Foram%20de%20Cultura%20em%20Gurupi%20-%20Foto%20Letticia%20Japiassu.jpeg\"><img decoding=\"async\" src=\"https:\/\/blogger.googleusercontent.com\/img\/b\/R29vZ2xl\/AVvXsEiGw4-P5fzUeq7anNmtLNBy_ThK8N8EFgIWqaSzzXjVTX6gjTz43Qo1de8zvPma7vvlpR6cFs-sSVRtvC5JVCPUkM7N2uPMf5p64m2Kxg6DXGr39YX7nrC_8pqywUaqHmxLERh5IeR23HjFXzlcj6R4ZsyG5bjmu2JYY7mY5yCdCs4MJHWFbEj-hwW6vah7\/w521-h349\/2b%20Foram%20de%20Cultura%20em%20Gurupi%20-%20Foto%20Letticia%20Japiassu.jpeg\" alt=\"\" style=\"aspect-ratio:1.4972093575584848;width:840px;height:auto\"\/><\/a><\/figure>\n\n\n\n<p><\/p>\n\n\n\n<p><strong>Ampliando o di\u00e1logo<\/strong><\/p>\n\n\n\n<p>O evento integra as a\u00e7\u00f5es do Programa Nacional dos Comit\u00eas de Cultura, com o objetivo de ampliar o di\u00e1logo entre a sociedade civil e o poder p\u00fablico, promovendo participa\u00e7\u00e3o social, fortalecimento institucional e valoriza\u00e7\u00e3o da cultura local.<\/p>\n\n\n\n<figure class=\"wp-block-image is-resized\"><a href=\"https:\/\/blogger.googleusercontent.com\/img\/b\/R29vZ2xl\/AVvXsEgsKxM1Xddc9UQjfNGGNPttgteytCKgJLS-fduNQuMb_tXMBjXqecpeb8w3U1CpqORcRRpPJJyrJoW1lT-wHh-z7vOPtjU4k1ZLOngMFBzKt4e2ZfdvMyF3TtsIOy8mXEnZU3Yus6YtJRHv2AhtBClhyphenhyphenS08HhAWOjD447vTBQOtb9L_YL2sSy2FS1bhvwkI\/s1280\/3%20%20%20Foram%20de%20Cultura%20em%20Gurupi%20-%20Foto%20Letticia%20Japiassu.jpeg\"><img decoding=\"async\" src=\"https:\/\/blogger.googleusercontent.com\/img\/b\/R29vZ2xl\/AVvXsEgsKxM1Xddc9UQjfNGGNPttgteytCKgJLS-fduNQuMb_tXMBjXqecpeb8w3U1CpqORcRRpPJJyrJoW1lT-wHh-z7vOPtjU4k1ZLOngMFBzKt4e2ZfdvMyF3TtsIOy8mXEnZU3Yus6YtJRHv2AhtBClhyphenhyphenS08HhAWOjD447vTBQOtb9L_YL2sSy2FS1bhvwkI\/w542-h305\/3%20%20%20Foram%20de%20Cultura%20em%20Gurupi%20-%20Foto%20Letticia%20Japiassu.jpeg\" alt=\"\" style=\"width:840px;height:auto\"\/><\/a><\/figure>\n\n\n\n<p><\/p>\n\n\n\n<p><strong>Pol\u00edticas culturais<\/strong><\/p>\n\n\n\n<p>A programa\u00e7\u00e3o contempla apresenta\u00e7\u00f5es art\u00edsticas, palestras e discuss\u00f5es estrat\u00e9gicas sobre temas fundamentais para o desenvolvimento cultural de Gurupi, como os Pontos de Cultura, a Pol\u00edtica Nacional Cultura Viva e o Plano Municipal de Cultura, instrumento essencial para o planejamento e consolida\u00e7\u00e3o das pol\u00edticas culturais de longo prazo.<\/p>\n\n\n\n<figure class=\"wp-block-image is-resized\"><a href=\"https:\/\/blogger.googleusercontent.com\/img\/b\/R29vZ2xl\/AVvXsEgYHeGM8MFK2L42iBOwmT0aMUL7CvYKpxkWJJhOH8Cz2T994oE29fFbiY3p5uHsUNHn3ekUzuQ4qN2DK7QQiwBZu5-ND-8OyXM0lzR_AaRL3DLBsAIJWHg-YUAmGB6X0tLZ-EpYVKX4QMqzF2f6Vl49CWL5rTuAQeEv9Pw8p1o30EJjkhxB4gqca3v5rwTc\/s1280\/4%20%20Foram%20de%20Cultura%20em%20Gurupi%20-%20Foto%20Letticia%20Japiassu.jpeg\"><img decoding=\"async\" src=\"https:\/\/blogger.googleusercontent.com\/img\/b\/R29vZ2xl\/AVvXsEgYHeGM8MFK2L42iBOwmT0aMUL7CvYKpxkWJJhOH8Cz2T994oE29fFbiY3p5uHsUNHn3ekUzuQ4qN2DK7QQiwBZu5-ND-8OyXM0lzR_AaRL3DLBsAIJWHg-YUAmGB6X0tLZ-EpYVKX4QMqzF2f6Vl49CWL5rTuAQeEv9Pw8p1o30EJjkhxB4gqca3v5rwTc\/w526-h351\/4%20%20Foram%20de%20Cultura%20em%20Gurupi%20-%20Foto%20Letticia%20Japiassu.jpeg\" alt=\"\" style=\"width:840px;height:auto\"\/><\/a><\/figure>\n\n\n\n<p><\/p>\n\n\n\n<p><strong>O Papel da Cultura<\/strong><\/p>\n\n\n\n<p>A abertura oficial contou com apresenta\u00e7\u00e3o art\u00edstica de Chico Chokolate, seguida de fala do coordenador-geral do Comit\u00ea de Cultura no Tocantins, Kak\u00e1 Nogueira, da prefeita, Josi Nunes, al\u00e9m da palestra \u201cPontos de Cultura e a Pol\u00edtica Nacional Cultura Viva\u201d, ministrada por C\u00edcero Bel\u00e9m, que trouxe&nbsp; importantes reflex\u00f5es sobre o papel da cultura comunit\u00e1ria e das redes colaborativas na democratiza\u00e7\u00e3o do acesso \u00e0s pol\u00edticas p\u00fablicas.<\/p>\n\n\n\n<p><strong>Fortalecendo os v\u00ednculos<\/strong><\/p>\n\n\n\n<p>Segundo Kak\u00e1 Nogueira, o f\u00f3rum representa um momento fundamental de aproxima\u00e7\u00e3o entre os agentes culturais e a gest\u00e3o p\u00fablica. \u201cO F\u00f3rum Regional de Cultura \u00e9 um espa\u00e7o de escuta e constru\u00e7\u00e3o coletiva. Mais do que discutir pol\u00edticas p\u00fablicas, queremos fortalecer v\u00ednculos, reconhecer as pot\u00eancias culturais de Gurupi e garantir que artistas, produtores e comunidades tenham voz ativa na formula\u00e7\u00e3o dessas pol\u00edticas. Cultura se constr\u00f3i com participa\u00e7\u00e3o\u201d, destaca.<\/p>\n\n\n\n<p>Ele refor\u00e7a ainda que a interioriza\u00e7\u00e3o das a\u00e7\u00f5es culturais \u00e9 uma das prioridades do Comit\u00ea. \u201cNosso compromisso \u00e9 fazer com que as pol\u00edticas culturais cheguem de forma efetiva aos territ\u00f3rios. Gurupi tem uma produ\u00e7\u00e3o cultural muito rica e pulsante, e esse encontro \u00e9 uma oportunidade de consolidar caminhos para que essa pot\u00eancia seja cada vez mais reconhecida, apoiada e fortalecida\u201d, afirma Kak\u00e1.<\/p>\n\n\n\n<figure class=\"wp-block-image is-resized\"><a href=\"https:\/\/blogger.googleusercontent.com\/img\/b\/R29vZ2xl\/AVvXsEjd_Ag_d7HR1Pqlxh6GP8lcrXE5Vv2KdxVH8RttLcTgUH5b2_8_HuoYuTq-GAIJ3XAuiGbEBFSn8mKcSjjPpkYTjA-d5Up-44bYkpXDzOSCG5Ec88X8SPrHGqL7rTRuiXk8mix352W8-yp_2qY0IJeVIWsSVPIC35ziyLJR8OS7ZDioONp7GVXZrWzbYiqp\/s1280\/10%20%20%20chico%20chocolate.jpeg\"><img decoding=\"async\" src=\"https:\/\/blogger.googleusercontent.com\/img\/b\/R29vZ2xl\/AVvXsEjd_Ag_d7HR1Pqlxh6GP8lcrXE5Vv2KdxVH8RttLcTgUH5b2_8_HuoYuTq-GAIJ3XAuiGbEBFSn8mKcSjjPpkYTjA-d5Up-44bYkpXDzOSCG5Ec88X8SPrHGqL7rTRuiXk8mix352W8-yp_2qY0IJeVIWsSVPIC35ziyLJR8OS7ZDioONp7GVXZrWzbYiqp\/w525-h351\/10%20%20%20chico%20chocolate.jpeg\" alt=\"\" style=\"width:840px;height:auto\"\/><\/a><\/figure>\n\n\n\n<p><strong>Programa\u00e7\u00e3o<\/strong><\/p>\n\n\n\n<p>Neste segundo dia de programa\u00e7\u00e3o haver\u00e1 debates voltados ao Plano Municipal de Cultura de Gurupi, promovendo a escuta dos diversos segmentos culturais e contribuindo para o planejamento de a\u00e7\u00f5es estruturantes para o setor, com foco em participa\u00e7\u00e3o democr\u00e1tica, inclus\u00e3o e desenvolvimento sustent\u00e1vel da cultura local. O F\u00f3rum \u00e9 gratuito e aberto ao p\u00fablico.<\/p>\n\n\n\n<figure class=\"wp-block-image is-resized\"><a href=\"https:\/\/blogger.googleusercontent.com\/img\/b\/R29vZ2xl\/AVvXsEgfA7c3s56EEYV9mgEqVj2-vp9WtOGEr8AtenipZeIdPifNFwKSH7T70QilVXL_U6X_NYWStVC5N8u2AVojfrM7qIQycZYSG5jfwg7OsKTUjsNxDZjATxq4RZ7FPLZ7hkjpMRuqJeZgf1NdmSAg18-QYuLeFtQp830ah8IqYia-wIYFy2GyVKKxvfcCzMpL\/s1280\/kaka%20e%20bell.jpeg\"><img decoding=\"async\" src=\"https:\/\/blogger.googleusercontent.com\/img\/b\/R29vZ2xl\/AVvXsEgfA7c3s56EEYV9mgEqVj2-vp9WtOGEr8AtenipZeIdPifNFwKSH7T70QilVXL_U6X_NYWStVC5N8u2AVojfrM7qIQycZYSG5jfwg7OsKTUjsNxDZjATxq4RZ7FPLZ7hkjpMRuqJeZgf1NdmSAg18-QYuLeFtQp830ah8IqYia-wIYFy2GyVKKxvfcCzMpL\/w496-h332\/kaka%20e%20bell.jpeg\" alt=\"\" style=\"width:840px;height:auto\"\/><\/a><\/figure>\n\n\n\n<p><\/p>\n\n\n\n<p><strong>Fortalecimento<\/strong><\/p>\n\n\n\n<p>Para o coordenador do escrit\u00f3rio regional do Minist\u00e9rio da Cultura no Tocantins, C\u00edcero Bel\u00e9m, o F\u00f3rum Regional fortalece a conex\u00e3o entre o Minist\u00e9rio da Cultura e os territ\u00f3rios, promovendo pol\u00edticas p\u00fablicas mais efetivas e participativas. \u201cA Pol\u00edtica Nacional Cultura Viva e os Pontos de Cultura s\u00e3o instrumentos fundamentais para reconhecer e fortalecer aquilo que j\u00e1 acontece nas comunidades. O F\u00f3rum de Gurupi \u00e9 uma oportunidade de escutar os fazedores de cultura, compreender suas demandas e construir, junto com eles, pol\u00edticas p\u00fablicas mais democr\u00e1ticas, permanentes e transformadoras\u201d, ressalta.<\/p>\n\n\n\n<figure class=\"wp-block-image size-large\"><img loading=\"lazy\" decoding=\"async\" width=\"1024\" height=\"683\" src=\"https:\/\/focotocantinense.com.br\/wp-content\/uploads\/2026\/04\/1-Foram-de-Cultura-em-Gurupi-Foto-Letticia-Japiassu-1024x683.jpeg\" alt=\"\" class=\"wp-image-12175\" srcset=\"https:\/\/focotocantinense.com.br\/wp-content\/uploads\/2026\/04\/1-Foram-de-Cultura-em-Gurupi-Foto-Letticia-Japiassu-1024x683.jpeg 1024w, https:\/\/focotocantinense.com.br\/wp-content\/uploads\/2026\/04\/1-Foram-de-Cultura-em-Gurupi-Foto-Letticia-Japiassu-300x200.jpeg 300w, https:\/\/focotocantinense.com.br\/wp-content\/uploads\/2026\/04\/1-Foram-de-Cultura-em-Gurupi-Foto-Letticia-Japiassu-768x512.jpeg 768w, https:\/\/focotocantinense.com.br\/wp-content\/uploads\/2026\/04\/1-Foram-de-Cultura-em-Gurupi-Foto-Letticia-Japiassu.jpeg 1280w\" sizes=\"auto, (max-width: 1024px) 100vw, 1024px\" \/><\/figure>\n\n\n\n<p><\/p>\n\n\n\n<p>Ele destaca ainda que a participa\u00e7\u00e3o social \u00e9 essencial para o avan\u00e7o das pol\u00edticas culturais no pa\u00eds. \u201cQuando a comunidade cultural participa da constru\u00e7\u00e3o das decis\u00f5es, o resultado \u00e9 uma pol\u00edtica p\u00fablica mais forte, mais justa e mais conectada com a realidade local. O Minist\u00e9rio da Cultura tem trabalhado para fortalecer essa escuta e garantir que os territ\u00f3rios tenham protagonismo nesse processo\u201d, completa C\u00edcero.<\/p>\n\n\n\n<p>A iniciativa conta com apoio institucional da Prefeitura de Gurupi, Secretaria Municipal de Cultura, Sistema Estadual de Cultura, Federa\u00e7\u00e3o Tocantinense de Artes C\u00eanicas (Fetac) e demais parceiros que atuam no fortalecimento das pol\u00edticas culturais no Tocantins.<\/p>\n\n\n\n<figure class=\"wp-block-image is-resized\"><a href=\"https:\/\/blogger.googleusercontent.com\/img\/b\/R29vZ2xl\/AVvXsEhyNXpzcJziALjRRXnwYmMpbske19_pwri_-AnV3PM281Vk-8I_eovgvoWltg_L5h1trot-CInsRmw-Tmao2UtN8sVaAl8-Kk6a15WOOB90B1_uMQfhXtGAkYfhfWcIZwLTLrA7MjpCY-jV_FkW6h6U9wE7Cu0WG6zKTNvKnemeNjkhb7o4yLX_VmW4fY_p\/s1280\/ZACA%20E%20DRICA.jpeg\"><img decoding=\"async\" src=\"https:\/\/blogger.googleusercontent.com\/img\/b\/R29vZ2xl\/AVvXsEhyNXpzcJziALjRRXnwYmMpbske19_pwri_-AnV3PM281Vk-8I_eovgvoWltg_L5h1trot-CInsRmw-Tmao2UtN8sVaAl8-Kk6a15WOOB90B1_uMQfhXtGAkYfhfWcIZwLTLrA7MjpCY-jV_FkW6h6U9wE7Cu0WG6zKTNvKnemeNjkhb7o4yLX_VmW4fY_p\/w486-h325\/ZACA%20E%20DRICA.jpeg\" alt=\"\" style=\"width:840px;height:auto\"\/><\/a><\/figure>\n\n\n\n<p><\/p>\n\n\n\n<p><strong>Sobre o Comit\u00ea de Cultura<\/strong><\/p>\n\n\n\n<p>O Comit\u00ea de Cultura no Tocantins \u00e9 coordenado&nbsp; pela&nbsp; Federa\u00e7\u00e3o Tocantinense de Artes C\u00eanicas \u2013 FETAC, contando com a parceria da Associa\u00e7\u00e3o Gurupiense de Artes\u00e3os (AGA) e do Instituto Cultural e Social Araguaia (ISCA). Essas institui\u00e7\u00f5es t\u00eam trabalhado juntas por meio de um termo de colabora\u00e7\u00e3o de dois anos firmado com o MinC, buscando implementar o Programa Nacional de Comit\u00eas de Cultura (PNCC), em diferentes regi\u00f5es do Estado.<\/p>\n\n\n\n<figure class=\"wp-block-image is-resized\"><a href=\"https:\/\/blogger.googleusercontent.com\/img\/b\/R29vZ2xl\/AVvXsEihQgAGypXsA0sYjj-oMNfn0xWQgKyKxO1X_9B1g7xMWMd8N8eY9za7Sjt_TfDBmK3jUbj5ZIliT9q_YSqrjQYsoDs-PzDhh9u_aFerrpsOgL2D3ClIpBSJJLrl4NzJinYhLumWac1bTjJxudOFgH4TPj0_4cTribPjJun7iG1mLlDL_SvCV6wL3VIcw6mQ\/s1125\/OK%20VINICIUS%20MARTINS.jpeg\"><img decoding=\"async\" src=\"https:\/\/blogger.googleusercontent.com\/img\/b\/R29vZ2xl\/AVvXsEihQgAGypXsA0sYjj-oMNfn0xWQgKyKxO1X_9B1g7xMWMd8N8eY9za7Sjt_TfDBmK3jUbj5ZIliT9q_YSqrjQYsoDs-PzDhh9u_aFerrpsOgL2D3ClIpBSJJLrl4NzJinYhLumWac1bTjJxudOFgH4TPj0_4cTribPjJun7iG1mLlDL_SvCV6wL3VIcw6mQ\/w541-h179\/OK%20VINICIUS%20MARTINS.jpeg\" alt=\"\" style=\"width:840px;height:auto\"\/><\/a><\/figure>\n","protected":false},"excerpt":{"rendered":"<p>Numa realiza\u00e7\u00e3o do&nbsp; Comit\u00ea de Cultura no Tocantins, foi aberto oficialmente, na noite de ter\u00e7a-feira, 28,no Centro Cultural Mauro Cunha,&nbsp; o F\u00f3rum Regional de Cultura de Gurupi, em parceria com a Secretaria Municipal de Cultura de Gurupi. Com a presen\u00e7a da prefeita Josi Nunes, do chefe do escrit\u00f3rio de representa\u00e7\u00e3o do Minist\u00e9rio da Cultura (MinC) &hellip;<\/p>\n","protected":false},"author":5,"featured_media":12175,"comment_status":"open","ping_status":"open","sticky":false,"template":"","format":"standard","meta":{"footnotes":""},"categories":[38],"tags":[],"class_list":["post-12174","post","type-post","status-publish","format-standard","has-post-thumbnail","","category-gurupi"],"_links":{"self":[{"href":"https:\/\/focotocantinense.com.br\/index.php?rest_route=\/wp\/v2\/posts\/12174","targetHints":{"allow":["GET"]}}],"collection":[{"href":"https:\/\/focotocantinense.com.br\/index.php?rest_route=\/wp\/v2\/posts"}],"about":[{"href":"https:\/\/focotocantinense.com.br\/index.php?rest_route=\/wp\/v2\/types\/post"}],"author":[{"embeddable":true,"href":"https:\/\/focotocantinense.com.br\/index.php?rest_route=\/wp\/v2\/users\/5"}],"replies":[{"embeddable":true,"href":"https:\/\/focotocantinense.com.br\/index.php?rest_route=%2Fwp%2Fv2%2Fcomments&post=12174"}],"version-history":[{"count":3,"href":"https:\/\/focotocantinense.com.br\/index.php?rest_route=\/wp\/v2\/posts\/12174\/revisions"}],"predecessor-version":[{"id":12178,"href":"https:\/\/focotocantinense.com.br\/index.php?rest_route=\/wp\/v2\/posts\/12174\/revisions\/12178"}],"wp:featuredmedia":[{"embeddable":true,"href":"https:\/\/focotocantinense.com.br\/index.php?rest_route=\/wp\/v2\/media\/12175"}],"wp:attachment":[{"href":"https:\/\/focotocantinense.com.br\/index.php?rest_route=%2Fwp%2Fv2%2Fmedia&parent=12174"}],"wp:term":[{"taxonomy":"category","embeddable":true,"href":"https:\/\/focotocantinense.com.br\/index.php?rest_route=%2Fwp%2Fv2%2Fcategories&post=12174"},{"taxonomy":"post_tag","embeddable":true,"href":"https:\/\/focotocantinense.com.br\/index.php?rest_route=%2Fwp%2Fv2%2Ftags&post=12174"}],"curies":[{"name":"wp","href":"https:\/\/api.w.org\/{rel}","templated":true}]}}