{"id":12169,"date":"2026-04-27T21:07:22","date_gmt":"2026-04-28T00:07:22","guid":{"rendered":"https:\/\/focotocantinense.com.br\/?p=12169"},"modified":"2026-04-27T21:08:06","modified_gmt":"2026-04-28T00:08:06","slug":"gurupi-sedia-forum-regional-de-cultura-com-programacao-participativa-e-foco-na-construcao-coletiva","status":"publish","type":"post","link":"https:\/\/focotocantinense.com.br\/?p=12169","title":{"rendered":"Gurupi sedia F\u00f3rum Regional de Cultura com programa\u00e7\u00e3o participativa e foco na constru\u00e7\u00e3o coletiva"},"content":{"rendered":"\n<p>Gurupi sediar\u00e1, nesta ter\u00e7a-feira, 28, e quarta-feira, 29, o F\u00f3rum Regional de Cultura de Gurupi 2026. O evento reunir\u00e1 artistas, agentes culturais e a comunidade em geral para um momento de escuta, di\u00e1logo e constru\u00e7\u00e3o coletiva de propostas para o fortalecimento das pol\u00edticas culturais no munic\u00edpio e na regi\u00e3o.<\/p>\n\n\n\n<figure class=\"wp-block-image size-large is-resized\"><img loading=\"lazy\" decoding=\"async\" width=\"819\" height=\"1024\" src=\"https:\/\/focotocantinense.com.br\/wp-content\/uploads\/2026\/04\/1-FORUM-CULTURA-GPI-819x1024.jpeg\" alt=\"\" class=\"wp-image-12170\" style=\"width:399px;height:auto\" srcset=\"https:\/\/focotocantinense.com.br\/wp-content\/uploads\/2026\/04\/1-FORUM-CULTURA-GPI-819x1024.jpeg 819w, https:\/\/focotocantinense.com.br\/wp-content\/uploads\/2026\/04\/1-FORUM-CULTURA-GPI-240x300.jpeg 240w, https:\/\/focotocantinense.com.br\/wp-content\/uploads\/2026\/04\/1-FORUM-CULTURA-GPI-768x960.jpeg 768w, https:\/\/focotocantinense.com.br\/wp-content\/uploads\/2026\/04\/1-FORUM-CULTURA-GPI.jpeg 1024w\" sizes=\"auto, (max-width: 819px) 100vw, 819px\" \/><\/figure>\n\n\n\n<p><\/p>\n\n\n\n<p>Realizado pelo Comit\u00ea de Cultura no Tocantins, em parceria com a Secretaria Municipal de Cultura, o f\u00f3rum acontecer\u00e1 no Centro Cultural Mauro Cunha, a partir das 19h30, com uma programa\u00e7\u00e3o diversificada ao longo dos dois dias.<\/p>\n\n\n\n<p>Na ter\u00e7a-feira, 28, a abertura contar\u00e1 com apresenta\u00e7\u00e3o do cantor Chico Chokolate, seguida de fala de Kak\u00e1 Nogueira e palestra ministrada por C\u00edcero Bel\u00e9m, que abordar\u00e1 temas como os Pontos de Cultura e a Pol\u00edtica Nacional Cultura Viva.<\/p>\n\n\n\n<p>J\u00e1 na quarta-feira, 29, a programa\u00e7\u00e3o ser\u00e1 dedicada \u00e0 apresenta\u00e7\u00e3o de propostas organizadas em eixos tem\u00e1ticos, al\u00e9m de debates e aprova\u00e7\u00e3o das propostas que ir\u00e3o compor o F\u00f3rum de Cultura.<\/p>\n\n\n\n<p>A secret\u00e1ria municipal de Cultura, Liliane Pagliarini, destacou a import\u00e2ncia do evento como espa\u00e7o democr\u00e1tico de constru\u00e7\u00e3o das pol\u00edticas p\u00fablicas culturais. \u201cEste f\u00f3rum \u00e9 um momento essencial para ouvirmos nossa classe art\u00edstica, valorizarmos nossas express\u00f5es culturais e, juntos, construirmos caminhos para fortalecer ainda mais a cultura em Gurupi. Convidamos todos os artistas, produtores e a comunidade para participarem ativamente desse processo\u201d, ressaltou.<\/p>\n\n\n\n<p>Liliane ressalta ainda que o F\u00f3rum Regional de Cultura \u00e9 uma oportunidade para fortalecer o di\u00e1logo entre o poder p\u00fablico e a sociedade civil, promovendo a participa\u00e7\u00e3o popular na defini\u00e7\u00e3o de diretrizes que impulsionem o desenvolvimento cultural local.<\/p>\n\n\n\n<p><\/p>\n\n\n\n<figure class=\"wp-block-image size-large\"><img loading=\"lazy\" decoding=\"async\" width=\"1024\" height=\"340\" src=\"https:\/\/focotocantinense.com.br\/wp-content\/uploads\/2026\/04\/OK-VINICIUS-MARTINS-2-1024x340.jpeg\" alt=\"\" class=\"wp-image-12172\" srcset=\"https:\/\/focotocantinense.com.br\/wp-content\/uploads\/2026\/04\/OK-VINICIUS-MARTINS-2-1024x340.jpeg 1024w, https:\/\/focotocantinense.com.br\/wp-content\/uploads\/2026\/04\/OK-VINICIUS-MARTINS-2-300x100.jpeg 300w, https:\/\/focotocantinense.com.br\/wp-content\/uploads\/2026\/04\/OK-VINICIUS-MARTINS-2-768x255.jpeg 768w, https:\/\/focotocantinense.com.br\/wp-content\/uploads\/2026\/04\/OK-VINICIUS-MARTINS-2.jpeg 1125w\" sizes=\"auto, (max-width: 1024px) 100vw, 1024px\" \/><\/figure>\n","protected":false},"excerpt":{"rendered":"<p>Gurupi sediar\u00e1, nesta ter\u00e7a-feira, 28, e quarta-feira, 29, o F\u00f3rum Regional de Cultura de Gurupi 2026. O evento reunir\u00e1 artistas, agentes culturais e a comunidade em geral para um momento de escuta, di\u00e1logo e constru\u00e7\u00e3o coletiva de propostas para o fortalecimento das pol\u00edticas culturais no munic\u00edpio e na regi\u00e3o. Realizado pelo Comit\u00ea de Cultura no &hellip;<\/p>\n","protected":false},"author":5,"featured_media":12170,"comment_status":"open","ping_status":"open","sticky":false,"template":"","format":"standard","meta":{"footnotes":""},"categories":[38],"tags":[],"class_list":["post-12169","post","type-post","status-publish","format-standard","has-post-thumbnail","","category-gurupi"],"_links":{"self":[{"href":"https:\/\/focotocantinense.com.br\/index.php?rest_route=\/wp\/v2\/posts\/12169","targetHints":{"allow":["GET"]}}],"collection":[{"href":"https:\/\/focotocantinense.com.br\/index.php?rest_route=\/wp\/v2\/posts"}],"about":[{"href":"https:\/\/focotocantinense.com.br\/index.php?rest_route=\/wp\/v2\/types\/post"}],"author":[{"embeddable":true,"href":"https:\/\/focotocantinense.com.br\/index.php?rest_route=\/wp\/v2\/users\/5"}],"replies":[{"embeddable":true,"href":"https:\/\/focotocantinense.com.br\/index.php?rest_route=%2Fwp%2Fv2%2Fcomments&post=12169"}],"version-history":[{"count":2,"href":"https:\/\/focotocantinense.com.br\/index.php?rest_route=\/wp\/v2\/posts\/12169\/revisions"}],"predecessor-version":[{"id":12173,"href":"https:\/\/focotocantinense.com.br\/index.php?rest_route=\/wp\/v2\/posts\/12169\/revisions\/12173"}],"wp:featuredmedia":[{"embeddable":true,"href":"https:\/\/focotocantinense.com.br\/index.php?rest_route=\/wp\/v2\/media\/12170"}],"wp:attachment":[{"href":"https:\/\/focotocantinense.com.br\/index.php?rest_route=%2Fwp%2Fv2%2Fmedia&parent=12169"}],"wp:term":[{"taxonomy":"category","embeddable":true,"href":"https:\/\/focotocantinense.com.br\/index.php?rest_route=%2Fwp%2Fv2%2Fcategories&post=12169"},{"taxonomy":"post_tag","embeddable":true,"href":"https:\/\/focotocantinense.com.br\/index.php?rest_route=%2Fwp%2Fv2%2Ftags&post=12169"}],"curies":[{"name":"wp","href":"https:\/\/api.w.org\/{rel}","templated":true}]}}