{"id":12166,"date":"2026-04-25T21:13:17","date_gmt":"2026-04-26T00:13:17","guid":{"rendered":"https:\/\/focotocantinense.com.br\/?p=12166"},"modified":"2026-04-25T21:13:17","modified_gmt":"2026-04-26T00:13:17","slug":"renova-tocantins-reorganiza-comando-e-articula-frente-contra-caixa-2-nas-eleicoes","status":"publish","type":"post","link":"https:\/\/focotocantinense.com.br\/?p=12166","title":{"rendered":"Renova Tocantins reorganiza comando e articula frente contra caixa 2 nas elei\u00e7\u00f5es"},"content":{"rendered":"\n<p>O grupo Renova Tocantins oficializou sua nova dire\u00e7\u00e3o em meio ao cen\u00e1rio de reorganiza\u00e7\u00e3o pol\u00edtica que antecede as elei\u00e7\u00f5es deste ano. O advogado civilista Her\u00e1clito Suiter assume a presid\u00eancia do movimento, tendo como vice o advogado criminalista Fl\u00e1sio Vieira Ara\u00fajo.<\/p>\n\n\n\n<figure class=\"wp-block-image size-full is-resized\"><img loading=\"lazy\" decoding=\"async\" width=\"500\" height=\"316\" src=\"https:\/\/focotocantinense.com.br\/wp-content\/uploads\/2026\/04\/AAAAAAAAA-1.jpeg\" alt=\"\" class=\"wp-image-12167\" style=\"width:382px;height:auto\" srcset=\"https:\/\/focotocantinense.com.br\/wp-content\/uploads\/2026\/04\/AAAAAAAAA-1.jpeg 500w, https:\/\/focotocantinense.com.br\/wp-content\/uploads\/2026\/04\/AAAAAAAAA-1-300x190.jpeg 300w\" sizes=\"auto, (max-width: 500px) 100vw, 500px\" \/><\/figure>\n\n\n\n<p><\/p>\n\n\n\n<p>A mudan\u00e7a ocorre ap\u00f3s parte dos coordenadores do grupo passar \u00e0 condi\u00e7\u00e3o de pr\u00e9-candidatos, o que motivou a reestrutura\u00e7\u00e3o interna. Segundo o movimento, a decis\u00e3o busca preservar a independ\u00eancia institucional e os crit\u00e9rios \u00e9ticos estabelecidos desde a sua cria\u00e7\u00e3o.<\/p>\n\n\n\n<p>Mais do que uma substitui\u00e7\u00e3o administrativa, a reorganiza\u00e7\u00e3o marca uma nova etapa de atua\u00e7\u00e3o do grupo, que pretende ampliar sua presen\u00e7a no debate p\u00fablico e refor\u00e7ar sua atua\u00e7\u00e3o no ambiente pr\u00e9-eleitoral.<\/p>\n\n\n\n<p>Entre as primeiras iniciativas da nova dire\u00e7\u00e3o est\u00e1 a articula\u00e7\u00e3o para a retomada de uma campanha voltada ao enfrentamento do caixa dois e da compra de votos. A proposta vem sendo discutida, em fase inicial, com a Ordem dos Advogados do Brasil no Tocantins.<\/p>\n\n\n\n<p>De acordo com Suiter, j\u00e1 houve di\u00e1logo com o presidente da OAB-TO, Gedeon Pitaluga, e com o presidente da subse\u00e7\u00e3o de Gurupi, Vitor Schmitz, no qual foi apontada a relev\u00e2ncia da participa\u00e7\u00e3o institucional da advocacia em uma poss\u00edvel reedi\u00e7\u00e3o da campanha.<\/p>\n\n\n\n<p>\u201cA advocacia tem um papel importante na defesa da lisura do processo eleitoral. A ideia \u00e9 contribuir para um ambiente de maior seguran\u00e7a e equil\u00edbrio durante as elei\u00e7\u00f5es\u201d, afirmou.<\/p>\n\n\n\n<p>A iniciativa ainda deve ser aprofundada em reuni\u00f5es futuras, nas quais ser\u00e3o discutidos os formatos e a viabilidade da atua\u00e7\u00e3o conjunta.<\/p>\n\n\n\n<p>Suiter tamb\u00e9m mencionou experi\u00eancias anteriores no tema, destacando a import\u00e2ncia de a\u00e7\u00f5es institucionais no combate a irregularidades eleitorais, mas ponderou que o foco, neste momento, est\u00e1 na constru\u00e7\u00e3o coletiva de uma nova estrat\u00e9gia.<\/p>\n\n\n\n<p>O vice-presidente Fl\u00e1sio Vieira Ara\u00fajo afirmou que a nova composi\u00e7\u00e3o do grupo tamb\u00e9m ter\u00e1 a fun\u00e7\u00e3o de oferecer suporte t\u00e9cnico e jur\u00eddico aos pr\u00e9-candidatos alinhados ao projeto.<\/p>\n\n\n\n<p>\u201cA reestrutura\u00e7\u00e3o fortalece o grupo internamente e permite uma atua\u00e7\u00e3o mais organizada neste per\u00edodo pr\u00e9-eleitoral\u201d, disse.<\/p>\n\n\n\n<p>Nos bastidores, a nova dire\u00e7\u00e3o \u00e9 vista como um movimento de consolida\u00e7\u00e3o do perfil t\u00e9cnico do Renova Tocantins, em um contexto de intensifica\u00e7\u00e3o das articula\u00e7\u00f5es pol\u00edticas no Estado.<\/p>\n\n\n\n<p>Criado com a proposta de organizar novas lideran\u00e7as e qualificar a representa\u00e7\u00e3o pol\u00edtica, o grupo entra nesta nova fase buscando conciliar atua\u00e7\u00e3o institucional, organiza\u00e7\u00e3o interna e participa\u00e7\u00e3o no debate eleitoral \u2014 agora com aten\u00e7\u00e3o especial ao enfrentamento de pr\u00e1ticas il\u00edcitas no processo democr\u00e1tico.<\/p>\n\n\n\n<figure class=\"wp-block-image size-large\"><img loading=\"lazy\" decoding=\"async\" width=\"1024\" height=\"340\" src=\"https:\/\/focotocantinense.com.br\/wp-content\/uploads\/2026\/04\/OK-VINICIUS-MARTINS-1-1024x340.jpeg\" alt=\"\" class=\"wp-image-12115\" srcset=\"https:\/\/focotocantinense.com.br\/wp-content\/uploads\/2026\/04\/OK-VINICIUS-MARTINS-1-1024x340.jpeg 1024w, https:\/\/focotocantinense.com.br\/wp-content\/uploads\/2026\/04\/OK-VINICIUS-MARTINS-1-300x100.jpeg 300w, https:\/\/focotocantinense.com.br\/wp-content\/uploads\/2026\/04\/OK-VINICIUS-MARTINS-1-768x255.jpeg 768w, https:\/\/focotocantinense.com.br\/wp-content\/uploads\/2026\/04\/OK-VINICIUS-MARTINS-1.jpeg 1125w\" sizes=\"auto, (max-width: 1024px) 100vw, 1024px\" \/><\/figure>\n","protected":false},"excerpt":{"rendered":"<p>O grupo Renova Tocantins oficializou sua nova dire\u00e7\u00e3o em meio ao cen\u00e1rio de reorganiza\u00e7\u00e3o pol\u00edtica que antecede as elei\u00e7\u00f5es deste ano. O advogado civilista Her\u00e1clito Suiter assume a presid\u00eancia do movimento, tendo como vice o advogado criminalista Fl\u00e1sio Vieira Ara\u00fajo. A mudan\u00e7a ocorre ap\u00f3s parte dos coordenadores do grupo passar \u00e0 condi\u00e7\u00e3o de pr\u00e9-candidatos, o &hellip;<\/p>\n","protected":false},"author":5,"featured_media":12167,"comment_status":"open","ping_status":"open","sticky":false,"template":"","format":"standard","meta":{"footnotes":""},"categories":[40],"tags":[],"class_list":["post-12166","post","type-post","status-publish","format-standard","has-post-thumbnail","","category-politica"],"_links":{"self":[{"href":"https:\/\/focotocantinense.com.br\/index.php?rest_route=\/wp\/v2\/posts\/12166","targetHints":{"allow":["GET"]}}],"collection":[{"href":"https:\/\/focotocantinense.com.br\/index.php?rest_route=\/wp\/v2\/posts"}],"about":[{"href":"https:\/\/focotocantinense.com.br\/index.php?rest_route=\/wp\/v2\/types\/post"}],"author":[{"embeddable":true,"href":"https:\/\/focotocantinense.com.br\/index.php?rest_route=\/wp\/v2\/users\/5"}],"replies":[{"embeddable":true,"href":"https:\/\/focotocantinense.com.br\/index.php?rest_route=%2Fwp%2Fv2%2Fcomments&post=12166"}],"version-history":[{"count":1,"href":"https:\/\/focotocantinense.com.br\/index.php?rest_route=\/wp\/v2\/posts\/12166\/revisions"}],"predecessor-version":[{"id":12168,"href":"https:\/\/focotocantinense.com.br\/index.php?rest_route=\/wp\/v2\/posts\/12166\/revisions\/12168"}],"wp:featuredmedia":[{"embeddable":true,"href":"https:\/\/focotocantinense.com.br\/index.php?rest_route=\/wp\/v2\/media\/12167"}],"wp:attachment":[{"href":"https:\/\/focotocantinense.com.br\/index.php?rest_route=%2Fwp%2Fv2%2Fmedia&parent=12166"}],"wp:term":[{"taxonomy":"category","embeddable":true,"href":"https:\/\/focotocantinense.com.br\/index.php?rest_route=%2Fwp%2Fv2%2Fcategories&post=12166"},{"taxonomy":"post_tag","embeddable":true,"href":"https:\/\/focotocantinense.com.br\/index.php?rest_route=%2Fwp%2Fv2%2Ftags&post=12166"}],"curies":[{"name":"wp","href":"https:\/\/api.w.org\/{rel}","templated":true}]}}