{"id":12162,"date":"2026-04-25T15:53:58","date_gmt":"2026-04-25T18:53:58","guid":{"rendered":"https:\/\/focotocantinense.com.br\/?p=12162"},"modified":"2026-04-25T15:54:23","modified_gmt":"2026-04-25T18:54:23","slug":"humorista-atleta-cria-desafio-de-corrida-que-mobiliza-participantes-nas-redes","status":"publish","type":"post","link":"https:\/\/focotocantinense.com.br\/?p=12162","title":{"rendered":"Humorista atleta cria desafio de corrida que mobiliza participantes nas redes"},"content":{"rendered":"\n<p>O humorista e ator Vin\u00edcius Martins tem chamado aten\u00e7\u00e3o nas redes sociais ao transformar um desafio pessoal em um movimento coletivo de incentivo \u00e0 sa\u00fade f\u00edsica e emocional.<\/p>\n\n\n\n<figure class=\"wp-block-image size-full is-resized\"><img loading=\"lazy\" decoding=\"async\" width=\"768\" height=\"433\" src=\"https:\/\/focotocantinense.com.br\/wp-content\/uploads\/2026\/04\/WhatsApp-Image-2026-04-25-at-08.28.56-768x433-1.jpeg\" alt=\"\" class=\"wp-image-12163\" style=\"aspect-ratio:1.7737096364098652;width:376px;height:auto\" srcset=\"https:\/\/focotocantinense.com.br\/wp-content\/uploads\/2026\/04\/WhatsApp-Image-2026-04-25-at-08.28.56-768x433-1.jpeg 768w, https:\/\/focotocantinense.com.br\/wp-content\/uploads\/2026\/04\/WhatsApp-Image-2026-04-25-at-08.28.56-768x433-1-300x169.jpeg 300w\" sizes=\"auto, (max-width: 768px) 100vw, 768px\" \/><\/figure>\n\n\n\n<p><\/p>\n\n\n\n<p><strong><em>Desafio<\/em><\/strong><\/p>\n\n\n\n<p>Atleta de corridas de rua e integrante do grupo Foco, For\u00e7a e F\u00e9, ele lan\u00e7ou o<em>&nbsp;\u201cDesafio Vini30\u201d,<\/em>&nbsp;proposta que&nbsp; re\u00fane mais de 50 participantes e j\u00e1 ultrapassa os limites da cidade, alcan\u00e7ando pessoas em diferentes regi\u00f5es do Tocantins, como Gurupi, Para\u00edso do Tocantins, Brejinho de Nazar\u00e9 e Porto Nacional.<\/p>\n\n\n\n<p><strong><em>Muitas ades\u00f5es<\/em><\/strong><\/p>\n\n\n\n<p>O crescimento org\u00e2nico e a ades\u00e3o de participantes de outras cidades indicam que a iniciativa come\u00e7a a ganhar caracter\u00edsticas de movimento regional, conectando pessoas atrav\u00e9s de um prop\u00f3sito em comum: sair do sedentarismo e construir disciplina.<\/p>\n\n\n\n<p><strong><em>Como surgiu?<\/em><\/strong><\/p>\n\n\n\n<p>A ideia surgiu de forma despretensiosa como uma forma de manter a disciplina e cuidar da pr\u00f3pria sa\u00fade. O desafio consiste em realizar atividades f\u00edsicas por 30 dias consecutivos, com a meta principal de correr 5 quil\u00f4metros diariamente. No entanto, a proposta \u00e9 inclusiva e permite adapta\u00e7\u00f5es, como caminhada ou dist\u00e2ncias menores, desde que haja const\u00e2ncia.<\/p>\n\n\n\n<p><em>\u201cN\u00e3o \u00e9 sobre correr 5km. \u00c9 sobre parar de negociar com voc\u00ea mesmo\u201d,<\/em>&nbsp;afirma Vin\u00edcius, que tem utilizado suas redes para incentivar seguidores a adotarem uma rotina mais ativa.<\/p>\n\n\n\n<p><strong><em>Propor\u00e7\u00e3o<\/em><\/strong><\/p>\n\n\n\n<p>O que come\u00e7ou como um desafio individual ganhou for\u00e7a ap\u00f3s o incentivo de uma amiga, Camila Grohs, que sugeriu a cria\u00e7\u00e3o de um grupo no WhatsApp para reunir os participantes. A partir da\u00ed, a iniciativa tomou uma propor\u00e7\u00e3o maior, conectando pessoas com o mesmo objetivo e fortalecendo o compromisso coletivo.<\/p>\n\n\n\n<p><strong><em>Afastando o sedentarismo<\/em><\/strong><\/p>\n\n\n\n<p>No grupo, os participantes compartilham seus treinos di\u00e1rios, incentivam uns aos outros e refor\u00e7am a disciplina necess\u00e1ria para cumprir o desafio. A proposta tem como foco principal tirar pessoas do sedentarismo e promover benef\u00edcios que v\u00e3o al\u00e9m do f\u00edsico, alcan\u00e7ando tamb\u00e9m o equil\u00edbrio emocional e mental.<\/p>\n\n\n\n<p>De acordo com Vin\u00edcius, o crescimento do desafio mostra que muitas pessoas buscam mais do que resultados est\u00e9ticos.&nbsp;<em>\u201cAs pessoas querem se sentir melhor, ter mais energia e clareza mental. O desafio acabou virando um movimento de apoio coletivo\u201d,&nbsp;<\/em>destaca.<\/p>\n\n\n\n<p><strong><em>Expans\u00e3o<\/em><\/strong><\/p>\n\n\n\n<p>Com o aumento do engajamento e a chegada constante de novos participantes, a tend\u00eancia \u00e9 que o desafio continue se expandindo, consolidando-se n\u00e3o apenas como uma meta individual, mas como uma rede de incentivo m\u00fatuo que j\u00e1 come\u00e7a a impactar diferentes cidades do estado.<\/p>\n\n\n\n<figure class=\"wp-block-image is-resized\"><img decoding=\"async\" src=\"https:\/\/blogger.googleusercontent.com\/img\/b\/R29vZ2xl\/AVvXsEhtTavnsF0MCiiB0haPeQc16XtFrr4hyphenhyphen83KTEHV8R8-2vdMqruk1KUQLP3w6sxxS2Y6NQ44bANg3gw1O-vcE6a0LXi8DHcqONkJOMccZIsuAinuWPIvZHv_zKgkHAAytU6NQCXgQRq8HWMldFa59HkMp29he6XFYfGSmEupOBYbUMiao-PwAUZaCKsIZOv6\/w549-h182\/OK%20VINICIUS%20MARTINS.jpeg\" alt=\"\" style=\"width:840px;height:auto\"\/><\/figure>\n","protected":false},"excerpt":{"rendered":"<p>O humorista e ator Vin\u00edcius Martins tem chamado aten\u00e7\u00e3o nas redes sociais ao transformar um desafio pessoal em um movimento coletivo de incentivo \u00e0 sa\u00fade f\u00edsica e emocional. Desafio Atleta de corridas de rua e integrante do grupo Foco, For\u00e7a e F\u00e9, ele lan\u00e7ou o&nbsp;\u201cDesafio Vini30\u201d,&nbsp;proposta que&nbsp; re\u00fane mais de 50 participantes e j\u00e1 ultrapassa &hellip;<\/p>\n","protected":false},"author":5,"featured_media":12163,"comment_status":"open","ping_status":"open","sticky":false,"template":"","format":"standard","meta":{"footnotes":""},"categories":[4],"tags":[],"class_list":["post-12162","post","type-post","status-publish","format-standard","has-post-thumbnail","","category-sports"],"_links":{"self":[{"href":"https:\/\/focotocantinense.com.br\/index.php?rest_route=\/wp\/v2\/posts\/12162","targetHints":{"allow":["GET"]}}],"collection":[{"href":"https:\/\/focotocantinense.com.br\/index.php?rest_route=\/wp\/v2\/posts"}],"about":[{"href":"https:\/\/focotocantinense.com.br\/index.php?rest_route=\/wp\/v2\/types\/post"}],"author":[{"embeddable":true,"href":"https:\/\/focotocantinense.com.br\/index.php?rest_route=\/wp\/v2\/users\/5"}],"replies":[{"embeddable":true,"href":"https:\/\/focotocantinense.com.br\/index.php?rest_route=%2Fwp%2Fv2%2Fcomments&post=12162"}],"version-history":[{"count":2,"href":"https:\/\/focotocantinense.com.br\/index.php?rest_route=\/wp\/v2\/posts\/12162\/revisions"}],"predecessor-version":[{"id":12165,"href":"https:\/\/focotocantinense.com.br\/index.php?rest_route=\/wp\/v2\/posts\/12162\/revisions\/12165"}],"wp:featuredmedia":[{"embeddable":true,"href":"https:\/\/focotocantinense.com.br\/index.php?rest_route=\/wp\/v2\/media\/12163"}],"wp:attachment":[{"href":"https:\/\/focotocantinense.com.br\/index.php?rest_route=%2Fwp%2Fv2%2Fmedia&parent=12162"}],"wp:term":[{"taxonomy":"category","embeddable":true,"href":"https:\/\/focotocantinense.com.br\/index.php?rest_route=%2Fwp%2Fv2%2Fcategories&post=12162"},{"taxonomy":"post_tag","embeddable":true,"href":"https:\/\/focotocantinense.com.br\/index.php?rest_route=%2Fwp%2Fv2%2Ftags&post=12162"}],"curies":[{"name":"wp","href":"https:\/\/api.w.org\/{rel}","templated":true}]}}