{"id":1216,"date":"2021-05-04T13:22:51","date_gmt":"2021-05-04T16:22:51","guid":{"rendered":"http:\/\/focotocantinense.com.br\/?p=1216"},"modified":"2021-05-04T20:28:23","modified_gmt":"2021-05-04T23:28:23","slug":"lagoa-da-confusao-vereador-di-defende-a-colocacao-de-faixa-de-pedestres-na-avenida-vitorino-panta","status":"publish","type":"post","link":"https:\/\/focotocantinense.com.br\/?p=1216","title":{"rendered":"LAGOA DA CONFUS\u00c3O: Vereador Di defende a coloca\u00e7\u00e3o de faixas de pedestres na Avenida Vitorino Panta"},"content":{"rendered":"\n<p>A C\u00e2mara Municipal de Lagoa da Confus\u00e3o, aprovou dois requerimentos de autoria do presidente da Casa, vereador Luiz Edvaldo Coelho dos Santos \u2013 o Di (PTB), endere\u00e7ados ao prefeito Thiago Carlos, onde solicita que a Secretaria de Infraestrutura do munic\u00edpio, providencie a instala\u00e7\u00e3o de faixas para pedestres ao longo da Avenida Vitorino Panta, no centro da cidade.<\/p>\n\n\n\n<p>Pela proposta de DI, essas faixas seriam colocadas em frente ao Supermercado Sol Nascente e Supermercado Vit\u00f3ria, em frente a CLB e Supermercado Calif\u00f3rnia; em frente ao Supermercado Compre Mais e Drogaria Nova Op\u00e7\u00e3o, bem como, em frente ao Supermercado Casa de Carnes lagoa e a empresa Maq. Campo.<\/p>\n\n\n\n<p>O vereador Di justificou essa reivindica\u00e7\u00e3o, explicando que esses s\u00e3o pontos estrat\u00e9gicos e que a instala\u00e7\u00e3o de faixas de pedestres ir\u00e1 trazer mais seguran\u00e7a aos oradores, especialmente, \u00e0s crian\u00e7as e idosos que atravessam a Avenida sem olhar direito, o que pode ocasionar acidentes. <\/p>\n\n\n\n<p><strong><em>RESPOSI\u00c7\u00c3O DE L\u00c2MPADAS<\/em><\/strong><\/p>\n\n\n\n<p>Em&nbsp; outro requerimento,&nbsp; o vereador Di solicita ao Executivo Municipal para que seja providenciada a reposi\u00e7\u00e3o de l\u00e2mpadas queimadas nos Setores Java\u00e9s I e II, bem como, no Setor Praia Alta.<\/p>\n\n\n\n<p><strong><em>(Zacarias Martins)<\/em><\/strong><\/p>\n\n\n\n<figure class=\"wp-block-image\"><img decoding=\"async\" src=\"https:\/\/portaldoamaral.com.br\/wp-content\/uploads\/2021\/03\/3-Presidente-da-Camara-de-Lagoa-da-Confusao-Foto-Zacarias-Martins.jpg\" alt=\"Vereadores de Lagoa da Confus\u00e3o analisam Projeto de Lei que institui o  Programa de Refis Municipal\"\/><\/figure>\n","protected":false},"excerpt":{"rendered":"<p>A C\u00e2mara Municipal de Lagoa da Confus\u00e3o, aprovou dois requerimentos de autoria do presidente da Casa, vereador Luiz Edvaldo Coelho dos Santos \u2013 o Di (PTB), endere\u00e7ados ao prefeito Thiago Carlos, onde solicita que a Secretaria de Infraestrutura do munic\u00edpio, providencie a instala\u00e7\u00e3o de faixas para pedestres ao longo da Avenida Vitorino Panta, no centro &hellip;<\/p>\n","protected":false},"author":5,"featured_media":1218,"comment_status":"open","ping_status":"open","sticky":true,"template":"","format":"standard","meta":{"footnotes":""},"categories":[71,1],"tags":[],"class_list":["post-1216","post","type-post","status-publish","format-standard","has-post-thumbnail","","category-lagoa-da-confusao","category-sem-categoria"],"_links":{"self":[{"href":"https:\/\/focotocantinense.com.br\/index.php?rest_route=\/wp\/v2\/posts\/1216","targetHints":{"allow":["GET"]}}],"collection":[{"href":"https:\/\/focotocantinense.com.br\/index.php?rest_route=\/wp\/v2\/posts"}],"about":[{"href":"https:\/\/focotocantinense.com.br\/index.php?rest_route=\/wp\/v2\/types\/post"}],"author":[{"embeddable":true,"href":"https:\/\/focotocantinense.com.br\/index.php?rest_route=\/wp\/v2\/users\/5"}],"replies":[{"embeddable":true,"href":"https:\/\/focotocantinense.com.br\/index.php?rest_route=%2Fwp%2Fv2%2Fcomments&post=1216"}],"version-history":[{"count":5,"href":"https:\/\/focotocantinense.com.br\/index.php?rest_route=\/wp\/v2\/posts\/1216\/revisions"}],"predecessor-version":[{"id":1224,"href":"https:\/\/focotocantinense.com.br\/index.php?rest_route=\/wp\/v2\/posts\/1216\/revisions\/1224"}],"wp:featuredmedia":[{"embeddable":true,"href":"https:\/\/focotocantinense.com.br\/index.php?rest_route=\/wp\/v2\/media\/1218"}],"wp:attachment":[{"href":"https:\/\/focotocantinense.com.br\/index.php?rest_route=%2Fwp%2Fv2%2Fmedia&parent=1216"}],"wp:term":[{"taxonomy":"category","embeddable":true,"href":"https:\/\/focotocantinense.com.br\/index.php?rest_route=%2Fwp%2Fv2%2Fcategories&post=1216"},{"taxonomy":"post_tag","embeddable":true,"href":"https:\/\/focotocantinense.com.br\/index.php?rest_route=%2Fwp%2Fv2%2Ftags&post=1216"}],"curies":[{"name":"wp","href":"https:\/\/api.w.org\/{rel}","templated":true}]}}